{"id":135215,"date":"2026-01-14T07:29:06","date_gmt":"2026-01-14T07:29:06","guid":{"rendered":"https:\/\/www.europesays.com\/se\/135215\/"},"modified":"2026-01-14T07:29:06","modified_gmt":"2026-01-14T07:29:06","slug":"nya-northvolt-affaren-kan-krascha-koparen-lyten-har-svart-att-fa-ihop-pengar-breakit","status":"publish","type":"post","link":"https:\/\/www.europesays.com\/se\/135215\/","title":{"rendered":"Nya Northvolt-aff\u00e4ren kan krascha \u2013 k\u00f6paren Lyten har sv\u00e5rt att f\u00e5 ihop pengar &#8211; Breakit"},"content":{"rendered":"<ol>\n<li><a href=\"https:\/\/news.google.com\/rss\/articles\/CBMiswFBVV95cUxNRzlacWxrSVEzU1dsUkRDVkZLelp6WV9qZzc4MHgta0h1SjF0QUFOUlRtcndMWGpDdGJZeXhDQmVRSnNSek1tYXY2dVVpaVJrLUNsV2gza2J3RjE0Sm9RT0tQX01fSW9hMmlyWjEtUGZ2NHdqM19RRzJkTTNCTHZvcmNIdFN2ZmRYNy1VcFNUVG5iQkxFWURYZVhiMHQ0VXVQOEx5b0lFYzVqc0h0UUpsc2d2RQ?oc=5\" target=\"_blank\" rel=\"nofollow noopener\">Nya Northvolt-aff\u00e4ren kan krascha \u2013 k\u00f6paren Lyten har sv\u00e5rt att f\u00e5 ihop pengar<\/a>&nbsp;&nbsp;Breakit<\/li>\n<li><a href=\"https:\/\/news.google.com\/rss\/articles\/CBMigwFBVV95cUxNZ01HN0tKNTQ5aVBJWXJ6Sy02T1AwZHVwMlVzLVBPcUd5SHNtb1ozOGpiZ2NmclgxUFVJSFk0RC0yekQtYTF3eTJXSzdFeUo0OThMbXhqaGdxbURrNkJIakpKcVl0Q0p1V2xrd0FLT242MUlaMVFsdl9ranhxZGZ1d0RUZw?oc=5\" target=\"_blank\" rel=\"nofollow noopener\">Nya Northvoltaff\u00e4ren riskerar att falla<\/a>&nbsp;&nbsp;SvD<\/li>\n<li><a href=\"https:\/\/news.google.com\/rss\/articles\/CBMipwFBVV95cUxOQlJxTmVOb0c2bl91b1RFc0lQT2tmQ2M0NWpISXlFeDNmMmt0WFlqdGxaZjBYQ3NLZlpOMnJoenpyUUc1VjA1ZkNnSnhVT29fSEhJNE0xYVJtVUh2X0VaNlNKbHIxNURiUzRpMzJEcklJZUFiaXI0ZEUwTThaSEk3UEZzc2QyWVB1aV9Gb2luRUVSSVVYcFg3Y2Y4em56aEcwX1JvWGZBQQ?oc=5\" target=\"_blank\" rel=\"nofollow noopener\">Northvolts k\u00f6pare jagar pengar \u2013 ingenj\u00f6rer hotas av utvisning<\/a>&nbsp;&nbsp;Realtid<\/li>\n<li><a href=\"https:\/\/news.google.com\/rss\/articles\/CBMigwFBVV95cUxNWHJQNGN2aGdJSUFTMzloMk5JZWtCUFdib0tGXzlHaHdtT1FUVmRCWDV3N3NfSTNWNkpnZlJvTXBCb21hLXhHcklnTGs1aFJFZy1vdDlLQWNoMlVrSGg5Q09VQUd4OUR3aUVHSG5DOHctZHVleG5vRFUzU1RNQUtUak5rNA?oc=5\" target=\"_blank\" rel=\"nofollow noopener\">Konkursf\u00f6rvaltaren: \u201dStor och komplicerad aff\u00e4r\u201d<\/a>&nbsp;&nbsp;Omni Ekonomi<\/li>\n<li><a href=\"https:\/\/news.google.com\/rss\/articles\/CBMiowFBVV95cUxQczF0QXh2WThubmd4ZVh4ZGtRY1M5QnMyRXZEaVFpMlhleWF5Q1NNLWozdG5uamNoMkl3Qm1nWUU2YTVEOHUwMjRzUEZXb0ctczE2SnBjc2FCU1pMcEtmRGhwejZuaVpOdDc5Qms4QmdyNC16LWVqZXczS2ZaTVRFclk0THRWN0NZSlZPb0xpY3JkeGFIbVRZa3Q2YUJteWVSdmJF?oc=5\" target=\"_blank\" rel=\"nofollow noopener\">Jonas Lundstr\u00f6m, nationell industrisamordnare: D\u00e4rf\u00f6r \u00f6verlever gr\u00f6na omst\u00e4llningen Northvolt<\/a>&nbsp;&nbsp;Kuriren<\/li>\n<\/ol>\n","protected":false},"excerpt":{"rendered":"Nya Northvolt-aff\u00e4ren kan krascha \u2013 k\u00f6paren Lyten har sv\u00e5rt att f\u00e5 ihop pengar&nbsp;&nbsp;Breakit Nya Northvoltaff\u00e4ren riskerar att falla&nbsp;&nbsp;SvD&hellip;\n","protected":false},"author":2,"featured_media":135216,"comment_status":"","ping_status":"","sticky":false,"template":"","format":"standard","meta":{"footnotes":""},"categories":[65],"tags":[72,87,70,71,88,91,90,92,34,89,86,31,33,32,30,85],"class_list":{"0":"post-135215","1":"post","2":"type-post","3":"status-publish","4":"format-standard","5":"has-post-thumbnail","7":"category-ekonomi","8":"tag-business","9":"tag-digital","10":"tag-economy","11":"tag-ekonomi","12":"tag-entreprenor","13":"tag-king","14":"tag-klarna","15":"tag-riskkapital","16":"tag-se","17":"tag-spotify","18":"tag-startups","19":"tag-svenska","20":"tag-sverige","21":"tag-sweden","22":"tag-swedish","23":"tag-tech"},"share_on_mastodon":{"url":"https:\/\/pubeurope.com\/@se\/115892280551047796","error":""},"_links":{"self":[{"href":"https:\/\/www.europesays.com\/se\/wp-json\/wp\/v2\/posts\/135215","targetHints":{"allow":["GET"]}}],"collection":[{"href":"https:\/\/www.europesays.com\/se\/wp-json\/wp\/v2\/posts"}],"about":[{"href":"https:\/\/www.europesays.com\/se\/wp-json\/wp\/v2\/types\/post"}],"author":[{"embeddable":true,"href":"https:\/\/www.europesays.com\/se\/wp-json\/wp\/v2\/users\/2"}],"replies":[{"embeddable":true,"href":"https:\/\/www.europesays.com\/se\/wp-json\/wp\/v2\/comments?post=135215"}],"version-history":[{"count":0,"href":"https:\/\/www.europesays.com\/se\/wp-json\/wp\/v2\/posts\/135215\/revisions"}],"wp:featuredmedia":[{"embeddable":true,"href":"https:\/\/www.europesays.com\/se\/wp-json\/wp\/v2\/media\/135216"}],"wp:attachment":[{"href":"https:\/\/www.europesays.com\/se\/wp-json\/wp\/v2\/media?parent=135215"}],"wp:term":[{"taxonomy":"category","embeddable":true,"href":"https:\/\/www.europesays.com\/se\/wp-json\/wp\/v2\/categories?post=135215"},{"taxonomy":"post_tag","embeddable":true,"href":"https:\/\/www.europesays.com\/se\/wp-json\/wp\/v2\/tags?post=135215"}],"curies":[{"name":"wp","href":"https:\/\/api.w.org\/{rel}","templated":true}]}}