{"id":135217,"date":"2026-01-14T07:32:16","date_gmt":"2026-01-14T07:32:16","guid":{"rendered":"https:\/\/www.europesays.com\/se\/135217\/"},"modified":"2026-01-14T07:32:16","modified_gmt":"2026-01-14T07:32:16","slug":"virala-ai-laten-stoppas-pa-topplistan","status":"publish","type":"post","link":"https:\/\/www.europesays.com\/se\/135217\/","title":{"rendered":"Virala AI-l\u00e5ten stoppas p\u00e5 topplistan"},"content":{"rendered":"<p>\u2013 V\u00e5r regel \u00e4r att r\u00f6r det sig om en huvudsakligt AI-generad l\u00e5t s\u00e5 har den inte r\u00e4tt att vara med p\u00e5 topplistan, s\u00e4ger branschorganisationen Ifpi:s vd Ludvig Werner till nyhetsbrevet <a href=\"https:\/\/www.musikindustrin.se\/2026\/01\/13\/etta-pa-spotify-men-ingen-plats-pa-sverigetopplistan\/\" rel=\"nofollow noopener\" target=\"_blank\">Musikindustrin<\/a>. <\/p>\n<p>\u201dJag vet, du \u00e4r inte min\u201d \u00e4r det nya \u00e5rets st\u00f6rsta svenska hitl\u00e5t med fem miljoner lyssningar p\u00e5 Spotify. Men artisten finns inte i verkligen och s\u00e5ngen \u00e4r delvis skapad av AI. Journalisten Emanuel Karlsten avsl\u00f6jade nyligen att medarbetare p\u00e5 ett danskt skivbolag ligger bakom produktionen. <\/p>\n<p>Spotify till\u00e5ter l\u00e5ten p\u00e5 sin tj\u00e4nst, men den f\u00e5r allts\u00e5 inte vara med p\u00e5 den svenska topplistan d\u00e4r den f\u00f6rmodligen skulle ha legat \u00f6verst. AI-utvecklingen har g\u00e5tt fort inom musikbranschen och m\u00e5nga musiker \u00e4r stora motst\u00e5ndare till tekniken, medan andra v\u00e4lkomnar den. Ifpi medger att de kanske m\u00e5ste t\u00e4nka om.<\/p>\n<p>\u2013 Men vi \u00e4r \u00f6dmjuka inf\u00f6r att vi m\u00e5ste se \u00f6ver och f\u00f6rtydliga v\u00e5ra regler. Det \u00e4r ingen enkel gr\u00e4nsdragning att g\u00f6ra och det \u00e4r inte l\u00e4tt att bevaka gr\u00e4nserna sen heller, s\u00e4ger Ludvig Werner. <\/p>\n","protected":false},"excerpt":{"rendered":"\u2013 V\u00e5r regel \u00e4r att r\u00f6r det sig om en huvudsakligt AI-generad l\u00e5t s\u00e5 har den inte r\u00e4tt&hellip;\n","protected":false},"author":2,"featured_media":135218,"comment_status":"","ping_status":"","sticky":false,"template":"","format":"standard","meta":{"footnotes":""},"categories":[5],"tags":[22,23,26,27,17,21,24,25,28,29,15,16,18,34,31,33,32,30,19,20],"class_list":{"0":"post-135217","1":"post","2":"type-post","3":"status-publish","4":"format-standard","5":"has-post-thumbnail","7":"category-rubriker","8":"tag-breaking-news","9":"tag-breakingnews","10":"tag-featured-news","11":"tag-featurednews","12":"tag-headlines","13":"tag-huvudnyheter","14":"tag-latest-news","15":"tag-latestnews","16":"tag-main-news","17":"tag-mainnews","18":"tag-news","19":"tag-nyheter","20":"tag-rubriker","21":"tag-se","22":"tag-svenska","23":"tag-sverige","24":"tag-sweden","25":"tag-swedish","26":"tag-top-stories","27":"tag-topstories"},"share_on_mastodon":{"url":"https:\/\/pubeurope.com\/@se\/115892292306253415","error":""},"_links":{"self":[{"href":"https:\/\/www.europesays.com\/se\/wp-json\/wp\/v2\/posts\/135217","targetHints":{"allow":["GET"]}}],"collection":[{"href":"https:\/\/www.europesays.com\/se\/wp-json\/wp\/v2\/posts"}],"about":[{"href":"https:\/\/www.europesays.com\/se\/wp-json\/wp\/v2\/types\/post"}],"author":[{"embeddable":true,"href":"https:\/\/www.europesays.com\/se\/wp-json\/wp\/v2\/users\/2"}],"replies":[{"embeddable":true,"href":"https:\/\/www.europesays.com\/se\/wp-json\/wp\/v2\/comments?post=135217"}],"version-history":[{"count":0,"href":"https:\/\/www.europesays.com\/se\/wp-json\/wp\/v2\/posts\/135217\/revisions"}],"wp:featuredmedia":[{"embeddable":true,"href":"https:\/\/www.europesays.com\/se\/wp-json\/wp\/v2\/media\/135218"}],"wp:attachment":[{"href":"https:\/\/www.europesays.com\/se\/wp-json\/wp\/v2\/media?parent=135217"}],"wp:term":[{"taxonomy":"category","embeddable":true,"href":"https:\/\/www.europesays.com\/se\/wp-json\/wp\/v2\/categories?post=135217"},{"taxonomy":"post_tag","embeddable":true,"href":"https:\/\/www.europesays.com\/se\/wp-json\/wp\/v2\/tags?post=135217"}],"curies":[{"name":"wp","href":"https:\/\/api.w.org\/{rel}","templated":true}]}}