{"id":135225,"date":"2026-01-14T07:38:07","date_gmt":"2026-01-14T07:38:07","guid":{"rendered":"https:\/\/www.europesays.com\/se\/135225\/"},"modified":"2026-01-14T07:38:07","modified_gmt":"2026-01-14T07:38:07","slug":"vad-ar-det-for-tid-vi-lever-i","status":"publish","type":"post","link":"https:\/\/www.europesays.com\/se\/135225\/","title":{"rendered":"Vad \u00e4r det f\u00f6r tid vi lever i?"},"content":{"rendered":"<p>Vad \u00e4r det f\u00f6r tid vi lever i? V\u00e5rt behov av att orientera oss i i tiden \u00e4r i sj\u00e4lva verket enormt \u2013 och s\u00e5 \u00e4r det var vi \u00e4n befinner oss p\u00e5 den politiska v\u00e4nster-h\u00f6gerskalan. Den som till synes redl\u00f6st driver genom \u00e5r, \u00e5rtionden och kvartssekler kommer till slut att m\u00e4rka att vilsenheten p\u00e5verkar sj\u00e4lva det inre sj\u00e4lstillst\u00e5ndet.<\/p>\n<p>Den som idag kallar sig v\u00e4nster har f\u00e5tt bevittna hur mycket av det han eller hon trott p\u00e5 smulats s\u00f6nder till oigenk\u00e4nnelighet, vare sig det galler v\u00e4lf\u00e4rdsstaten, nedrustningst\u00e4nkandet eller den arbetarklass som l\u00e4nge ans\u00e5gs vara den progressiva motorn i samh\u00e4llet. \u00a0Nu r\u00f6star arbetarklassen ofta i djupaste besvikelse \u00a0l\u00e5ngt h\u00f6gerut och har rentav bidragit till att s\u00e5v\u00e4l Trump kommit till makten som till SD:s tillv\u00e4xt.<\/p>\n<p>Och den som st\u00e5r till h\u00f6ger i det som nyss var en sj\u00e4lvklar borgerlighet har f\u00e5tt uppleva att denna borgerlighet knappt l\u00e4ngre finns kvar \u2013 den \u00e4ts upp av h\u00f6gerpopulismen \u2013 men inte bara det: Den liberala v\u00e4rldsordning som USA var en garant f\u00f6r \u00e4r p\u00e5 v\u00e4g att krackelera. Det \u00e4r en ironi utan like att det medlemskap i Nato som borgerligheten till slut uppn\u00e5dde, sammanfaller med en era d\u00e5 f\u00f6rsvarsalliansen helt enkelt ruttnar inifr\u00e5n.<\/p>\n<p><b>Carl Bildt kallar<\/b> v\u00e5r tid f\u00f6r den stora oredans tid, men det hj\u00e4lper oss inte s\u00e4rskilt mycket. F\u00f6r h\u00e4r har vi en m\u00e4rklig situation: Varken traditionell v\u00e4nster\/arbetarr\u00f6relse eller traditionell borgerlighet har n\u00e5got att p\u00e5 allvar h\u00e5lla sig i. Alla famlar. N\u00e4r nu ett nytt \u00e5r rullar in \u00f6ver oss kan ingen med n\u00e5gon trov\u00e4rdighet f\u00f6rutsp\u00e5 hur v\u00e4rldsl\u00e4get ter sig ens om ett halv\u00e5r. Har Kina tagit det slutliga steget och er\u00f6vrat Taiwan? Har vapenstillest\u00e5nd till slut blivit r\u00e5dande i Ukraina efter att stormakterna kommit \u00f6verens \u00f6ver huvudet p\u00e5 ukrainarna?<\/p>\n<p>B\u00e5de till v\u00e4nster och bland liberaler och konservativa tycks Europa vara det som alla nu klamrar sig fast vid. Det \u00e4r dr\u00f6mmen om en ny stormakt, milit\u00e4r och ekonomisk, att h\u00e5lla sig i n\u00e4r den gamla sviker och den dr\u00f6mmen \u00e4r i grunden auktorit\u00e4r. Ty varje stormakt kommer att skaffa sig en intressesf\u00e4r att v\u00e4rna l\u00e4ngs sitt imperiums gr\u00e4nser, varvid \u00f6vriga v\u00e4rlden gl\u00f6ms bort.<\/p>\n<p>Man m\u00e4rker det i tong\u00e5ngarna fr\u00e5n Folk och f\u00f6rsvar i S\u00e4len: Alla hoppas nu p\u00e5 Europa, samtidigt som detta Europa alltmer \u00f6verger v\u00e4rldens fattiga. Bist\u00e5ndet till Afrika kapas \u00f6verallt f\u00f6r att f\u00e5 loss pengar till upprustning men det \u00e4r som att detta inte \u00e4r en fr\u00e5ga \u00f6verhuvudtaget: Det viktiga \u00e4r att v\u00e4rna Europa, som en vrakspillra att h\u00e5lla sig flytande p\u00e5 n\u00e4r alla v\u00e4rldsbilder f\u00f6rlist. Bygg en europeisk milit\u00e4rbas p\u00e5 Gr\u00f6nland, \u00e4r ett nytt utrop.<\/p>\n<p>Alla kommentatorer, alla nyhetsjournalister och alla politiska f\u00f6retr\u00e4dare nyttjar termen \u201dgeopolitik\u201d n\u00e4r det r\u00e5dande kaoset ska beskrivas. De g\u00f6r det utan minsta insikt om att sj\u00e4lva detta ord ekar av artonhundratalets koloniala t\u00e4nkande, d\u00e4r makten \u00f6ver territorier och handelsomr\u00e5den var viktigare \u00e4n allt annat. Sj\u00e4lva det r\u00e5dande spr\u00e5kbruket speglar i sj\u00e4lva verket den nyimperialistiska era vi befinner oss i.<\/p>\n<p><b>Jag kan inte hitta <\/b>n\u00e5got b\u00e4ttre ord \u00e4n just imperialism eller nyimperialism f\u00f6r att namnge v\u00e5r tid. D\u00e5 ska man ocks\u00e5 komma ih\u00e5g att imperialismen alltid ocks\u00e5 var ett uttryck f\u00f6r kapitalismen och inte bara ett slags ideologiskt uppsv\u00e4lld nationalism. Den milit\u00e4ra makten hos supermakterna USA och Kina vilar p\u00e5 kapitalism och det g\u00e4ller \u00e4ven Ryssland som p\u00e5 m\u00e5nga s\u00e4tt \u00e4r ett extremt nyliberalt land. Vi lever i oligarkernas och supermiljard\u00e4rernas era. Och den sammanfaller med den r\u00e5dande imperialistiska jakten p\u00e5 territorier, vare sig det \u00e4r Taiwan, Ukraina, Gaza eller Latinamerika.<\/p>\n<p>I den meningen borde all slags v\u00e4nster idag vara mindre vilsen \u00e4n den traditionella h\u00f6gern. P\u00e5 v\u00e5r kant finns en l\u00e5ng analystradition av hur kapitalism definierar vilken politik som r\u00e5der och g\u00e4ller. Liberaler saknar en s\u00e5dan analys.<\/p>\n<p>Den stora oredans tid \u00e4r i grunden den tid n\u00e4r kapitalismen definierar oss och de internationella relationerna helt och h\u00e5llet. Liberaler och borgerlighet kommer aldrig att f\u00f6rst\u00e5 det. V\u00e4nstern, hur vilsen \u00e4ven den \u00e4r, kan iallafall f\u00f6rst\u00e5 det.<\/p>\n","protected":false},"excerpt":{"rendered":"Vad \u00e4r det f\u00f6r tid vi lever i? V\u00e5rt behov av att orientera oss i i tiden \u00e4r&hellip;\n","protected":false},"author":2,"featured_media":135226,"comment_status":"","ping_status":"","sticky":false,"template":"","format":"standard","meta":{"footnotes":""},"categories":[14],"tags":[22,23,26,27,17,21,24,25,28,29,15,16,18,34,31,33,32,30,19,20,51,52,53,54],"class_list":{"0":"post-135225","1":"post","2":"type-post","3":"status-publish","4":"format-standard","5":"has-post-thumbnail","7":"category-varlden","8":"tag-breaking-news","9":"tag-breakingnews","10":"tag-featured-news","11":"tag-featurednews","12":"tag-headlines","13":"tag-huvudnyheter","14":"tag-latest-news","15":"tag-latestnews","16":"tag-main-news","17":"tag-mainnews","18":"tag-news","19":"tag-nyheter","20":"tag-rubriker","21":"tag-se","22":"tag-svenska","23":"tag-sverige","24":"tag-sweden","25":"tag-swedish","26":"tag-top-stories","27":"tag-topstories","28":"tag-varlden","29":"tag-world","30":"tag-world-news","31":"tag-worldnews"},"share_on_mastodon":{"url":"https:\/\/pubeurope.com\/@se\/115892316007525862","error":""},"_links":{"self":[{"href":"https:\/\/www.europesays.com\/se\/wp-json\/wp\/v2\/posts\/135225","targetHints":{"allow":["GET"]}}],"collection":[{"href":"https:\/\/www.europesays.com\/se\/wp-json\/wp\/v2\/posts"}],"about":[{"href":"https:\/\/www.europesays.com\/se\/wp-json\/wp\/v2\/types\/post"}],"author":[{"embeddable":true,"href":"https:\/\/www.europesays.com\/se\/wp-json\/wp\/v2\/users\/2"}],"replies":[{"embeddable":true,"href":"https:\/\/www.europesays.com\/se\/wp-json\/wp\/v2\/comments?post=135225"}],"version-history":[{"count":0,"href":"https:\/\/www.europesays.com\/se\/wp-json\/wp\/v2\/posts\/135225\/revisions"}],"wp:featuredmedia":[{"embeddable":true,"href":"https:\/\/www.europesays.com\/se\/wp-json\/wp\/v2\/media\/135226"}],"wp:attachment":[{"href":"https:\/\/www.europesays.com\/se\/wp-json\/wp\/v2\/media?parent=135225"}],"wp:term":[{"taxonomy":"category","embeddable":true,"href":"https:\/\/www.europesays.com\/se\/wp-json\/wp\/v2\/categories?post=135225"},{"taxonomy":"post_tag","embeddable":true,"href":"https:\/\/www.europesays.com\/se\/wp-json\/wp\/v2\/tags?post=135225"}],"curies":[{"name":"wp","href":"https:\/\/api.w.org\/{rel}","templated":true}]}}