{"id":135227,"date":"2026-01-14T07:39:09","date_gmt":"2026-01-14T07:39:09","guid":{"rendered":"https:\/\/www.europesays.com\/se\/135227\/"},"modified":"2026-01-14T07:39:09","modified_gmt":"2026-01-14T07:39:09","slug":"14-januari-07-56-sammanfattning-natt-jonkopings-lan","status":"publish","type":"post","link":"https:\/\/www.europesays.com\/se\/135227\/","title":{"rendered":"14 januari 07.56, Sammanfattning natt, J\u00f6nk\u00f6pings l\u00e4n"},"content":{"rendered":"<p>Polisens regionledningscentral har mellan klockan 22.00-07.00 hanterat ett 50-tal \u00e4renden som r\u00f6r J\u00f6nk\u00f6pings l\u00e4n.\u00a0<\/p>\n<p>21:56 Polis och ambulans larmades till en bostad i Eksj\u00f6 med anledning av att en man i 60-\u00e5rs\u00e5ldern skadats med ett vasst f\u00f6rem\u00e5l. Mannen var b\u00e5de vaken och talbar men f\u00f6rdes till sjukhus med ambulans f\u00f6r vidare v\u00e5rd. Vid 02-tiden kunde mannen l\u00e4mna sjukhuset. En kvinna i 80-\u00e5rs\u00e5ldern befann sig ocks\u00e5 i bostaden och hon greps av polis misst\u00e4nkt f\u00f6r f\u00f6rs\u00f6k till mord. Platsen har sp\u00e4rrats av f\u00f6r en kriminalteknisk unders\u00f6kning. M\u00e5ls\u00e4gande och misst\u00e4nkt h\u00e4r \u00e4r bekanta f\u00f6r varandra. Under natten har kvinnan anh\u00e5llits av \u00e5klagare, p\u00e5 sannolika sk\u00e4l, misst\u00e4nkt f\u00f6r f\u00f6rs\u00f6k till mord. \u00c4rendet \u00e4r d\u00e4rmed \u00e5klagarlett och vidare fr\u00e5gor om utredningen h\u00e4nvisas till \u00c5klagarkammaren i J\u00f6nk\u00f6ping.\u00a0<\/p>\n<p>23:03 SOS-larm om trafikolycka p\u00e5 E4:an utanf\u00f6r \u00d6desh\u00f6g. Enligt larmet ska en lastbil med sl\u00e4p ha v\u00e4lt och blockerat ena k\u00f6rbanan. Detta ska ha skett i norrg\u00e5ende k\u00f6rriktning. K\u00f6bildning ska ha bildats i samband med detta och det ska ha vara halt v\u00e4glag. Polis har varit p\u00e5 plats. Trafiken leddes om via l\u00e4nsv\u00e4g 133. En anm\u00e4lan om trafikolycka utan misstanke om brott kommer skrivas.\u00a0<\/p>\n<p>Ut\u00f6ver detta har polisen haft \u00e4renden om trafikbrott, viltolyckor, mindre trafikolyckor samt diverse kontroller p\u00e5 eget initiativ eller efter larm fr\u00e5n allm\u00e4nheten som inte har lett till n\u00e5got allvarligt.<\/p>\n","protected":false},"excerpt":{"rendered":"Polisens regionledningscentral har mellan klockan 22.00-07.00 hanterat ett 50-tal \u00e4renden som r\u00f6r J\u00f6nk\u00f6pings l\u00e4n.\u00a0 21:56 Polis och ambulans&hellip;\n","protected":false},"author":2,"featured_media":54,"comment_status":"","ping_status":"","sticky":false,"template":"","format":"standard","meta":{"footnotes":""},"categories":[12],"tags":[22,23,26,27,17,21,24,25,28,29,15,16,18,34,31,33,32,30,19,20],"class_list":{"0":"post-135227","1":"post","2":"type-post","3":"status-publish","4":"format-standard","5":"has-post-thumbnail","7":"category-sverige","8":"tag-breaking-news","9":"tag-breakingnews","10":"tag-featured-news","11":"tag-featurednews","12":"tag-headlines","13":"tag-huvudnyheter","14":"tag-latest-news","15":"tag-latestnews","16":"tag-main-news","17":"tag-mainnews","18":"tag-news","19":"tag-nyheter","20":"tag-rubriker","21":"tag-se","22":"tag-svenska","23":"tag-sverige","24":"tag-sweden","25":"tag-swedish","26":"tag-top-stories","27":"tag-topstories"},"share_on_mastodon":{"url":"https:\/\/pubeurope.com\/@se\/115892320076257924","error":""},"_links":{"self":[{"href":"https:\/\/www.europesays.com\/se\/wp-json\/wp\/v2\/posts\/135227","targetHints":{"allow":["GET"]}}],"collection":[{"href":"https:\/\/www.europesays.com\/se\/wp-json\/wp\/v2\/posts"}],"about":[{"href":"https:\/\/www.europesays.com\/se\/wp-json\/wp\/v2\/types\/post"}],"author":[{"embeddable":true,"href":"https:\/\/www.europesays.com\/se\/wp-json\/wp\/v2\/users\/2"}],"replies":[{"embeddable":true,"href":"https:\/\/www.europesays.com\/se\/wp-json\/wp\/v2\/comments?post=135227"}],"version-history":[{"count":0,"href":"https:\/\/www.europesays.com\/se\/wp-json\/wp\/v2\/posts\/135227\/revisions"}],"wp:featuredmedia":[{"embeddable":true,"href":"https:\/\/www.europesays.com\/se\/wp-json\/wp\/v2\/media\/54"}],"wp:attachment":[{"href":"https:\/\/www.europesays.com\/se\/wp-json\/wp\/v2\/media?parent=135227"}],"wp:term":[{"taxonomy":"category","embeddable":true,"href":"https:\/\/www.europesays.com\/se\/wp-json\/wp\/v2\/categories?post=135227"},{"taxonomy":"post_tag","embeddable":true,"href":"https:\/\/www.europesays.com\/se\/wp-json\/wp\/v2\/tags?post=135227"}],"curies":[{"name":"wp","href":"https:\/\/api.w.org\/{rel}","templated":true}]}}