{"id":135228,"date":"2026-01-14T07:40:20","date_gmt":"2026-01-14T07:40:20","guid":{"rendered":"https:\/\/www.europesays.com\/se\/135228\/"},"modified":"2026-01-14T07:40:20","modified_gmt":"2026-01-14T07:40:20","slug":"donald-trump-kan-stoppa-zara-larsson-fran-usa","status":"publish","type":"post","link":"https:\/\/www.europesays.com\/se\/135228\/","title":{"rendered":"Donald Trump kan stoppa Zara Larsson fr\u00e5n USA"},"content":{"rendered":"<p>Publicerad 13 jan 2026 kl 21.10Uppdaterad 14 jan kl 01.15<\/p>\n<p>Vita huset har svarat Zara Larsson efter kritiken med en video p\u00e5 Tiktok.\u00a0<\/p>\n<p>Nu s\u00e4ger USA-experten Andreas Utterstr\u00f6m till <a href=\"https:\/\/www.tv4.se\/artikel\/7I7c9W4uIaWDw98PBruPp4\/zara-larssons-usa-turne-kan-staellas-in-om-trump-vaknar-pa-fel-sida\" rel=\"nofollow noopener\" target=\"_blank\">TV4 Nyheterna<\/a> att Donald Trump skulle kunna stoppa artisten fr\u00e5n USA.\u00a0<\/p>\n<p>\u2013 Med lite kreativitet kan man f\u00e5 det till att Zara Larssons kritik mot ICE \u00e4r en s\u00e4kerhetsrisk.\u00a0<\/p>\n<p><img   alt=\"\"\/><\/p>\n<p>Donald Trump i Vita husets svar till Zara Larsson.<\/p>\n<p>Foto: Tiktok<\/p>\n<p>\u00d6ppna bild i helsk\u00e4rm<img loading=\"lazy\"   alt=\"\"\/> <\/p>\n<p>Foto: NISSE NILSSON \/ STELLA PICTURES<\/p>\n<p>\u00d6ppna bild i helsk\u00e4rm<img loading=\"lazy\"   alt=\"\"\/> <\/p>\n<p>Foto: MATT BARON\/BEI\/SHUTTERSTOCK \/ SHUTTERSTOCK EDITORIAL\/IBL<\/p>\n<p>\u00d6ppna bild i helsk\u00e4rm<\/p>\n<p>I helgen delade den svenska stj\u00e4rnan med sig av ett inl\u00e4gg d\u00e4r hon skrev att hon \u00e4lskar immigranter, kriminella och v\u00e4lf\u00e4rd \u2013 och att hon hatar den amerikanska immigrationsmyndigheten (ICE).\u00a0<\/p>\n<p>Uttalandet kommer efter att ICE skjutit ihj\u00e4l en kvinna i Minneapolis men <a href=\"https:\/\/www.expressen.se\/tagg\/person\/zara-larsson\/\" class=\"\" rel=\"nofollow noopener\" target=\"_blank\">Zara Larsson<\/a> skriver \u00e4ven att det handlar om att hennes pojkv\u00e4n stoppas fr\u00e5n USA \u2013 eftersom han har en tidigare dom f\u00f6r marijuana.\u00a0<\/p>\n<p>\u201dVet inte hur ni k\u00e4nner men jag skulle hellre ha n\u00e5gon som r\u00f6ker crack i min soffa \u00e4n en j\u00e4vla ICE-agent\u201d, skrev Zara Larsson bland annat.\u00a0<\/p>\n<p>Nu s\u00e4ger USA-experten Andreas Utterstr\u00f6m till TV4 Nyheterna att Donald Trump kan stoppa Zara Larsson fr\u00e5n USA. Det skulle inneb\u00e4ra ett stort bakslag f\u00f6r hennes USA-turn\u00e9.\u00a0<\/p>\n<p>\u2013 Om Donald Trump vaknar p\u00e5 fel sida och k\u00e4nner att han beh\u00f6ver ett kulturkrig, en fight med en k\u00e4nd kvinnlig artist, d\u00e5 ligger Zara Larsson illa till.<\/p>\n<p>\u201d\u00c4lskar deportation\u201d<\/p>\n<p>Han f\u00f6rklarar varf\u00f6r:\u00a0<\/p>\n<p>\u2013 Med lite kreativitet kan man f\u00e5 det till att Zara Larssons kritik mot ICE \u00e4r en s\u00e4kerhetsrisk. Att hon mer eller mindre hetsar folk att g\u00f6ra dumma saker mot ICE. Den typen av dragningar brukar Donald Trump inte vara fr\u00e4mmande f\u00f6r.\u00a0<\/p>\n<p>P\u00e5 tisdagsmorgonen tog tvisten mellan Zara Larsson och Donald Trump och vita huset en ny v\u00e4ndning. P\u00e5 Tiktok har Vita huset delat med sig av en video med filmklipp d\u00e4r Donald Trump dansar till Zara Larssons megahit \u201dLush life\u201d.\u00a0<\/p>\n<p>\u201dVi \u00e4lskar deportation\u201d, \u201dVi \u00e4lskar lag och ordning\u201d, \u201dVi \u00e4lskar jobb inte v\u00e4lf\u00e4rd\u201d, skriver de bland annat i videon. \u00a0<\/p>\n","protected":false},"excerpt":{"rendered":"Publicerad 13 jan 2026 kl 21.10Uppdaterad 14 jan kl 01.15 Vita huset har svarat Zara Larsson efter kritiken&hellip;\n","protected":false},"author":2,"featured_media":135229,"comment_status":"","ping_status":"","sticky":false,"template":"","format":"standard","meta":{"footnotes":""},"categories":[5],"tags":[22,23,26,27,17,21,24,25,45,28,29,15,16,423,198,4086,18,34,31,33,32,30,19,310,20],"class_list":{"0":"post-135228","1":"post","2":"type-post","3":"status-publish","4":"format-standard","5":"has-post-thumbnail","7":"category-rubriker","8":"tag-breaking-news","9":"tag-breakingnews","10":"tag-featured-news","11":"tag-featurednews","12":"tag-headlines","13":"tag-huvudnyheter","14":"tag-latest-news","15":"tag-latestnews","16":"tag-location-usa","17":"tag-main-news","18":"tag-mainnews","19":"tag-news","20":"tag-nyheter","21":"tag-organization-tiktok","22":"tag-person-donald-trump","23":"tag-person-zara-larsson","24":"tag-rubriker","25":"tag-se","26":"tag-svenska","27":"tag-sverige","28":"tag-sweden","29":"tag-swedish","30":"tag-top-stories","31":"tag-topic-kandisar","32":"tag-topstories"},"share_on_mastodon":{"url":"https:\/\/pubeurope.com\/@se\/115892323815956438","error":""},"_links":{"self":[{"href":"https:\/\/www.europesays.com\/se\/wp-json\/wp\/v2\/posts\/135228","targetHints":{"allow":["GET"]}}],"collection":[{"href":"https:\/\/www.europesays.com\/se\/wp-json\/wp\/v2\/posts"}],"about":[{"href":"https:\/\/www.europesays.com\/se\/wp-json\/wp\/v2\/types\/post"}],"author":[{"embeddable":true,"href":"https:\/\/www.europesays.com\/se\/wp-json\/wp\/v2\/users\/2"}],"replies":[{"embeddable":true,"href":"https:\/\/www.europesays.com\/se\/wp-json\/wp\/v2\/comments?post=135228"}],"version-history":[{"count":0,"href":"https:\/\/www.europesays.com\/se\/wp-json\/wp\/v2\/posts\/135228\/revisions"}],"wp:featuredmedia":[{"embeddable":true,"href":"https:\/\/www.europesays.com\/se\/wp-json\/wp\/v2\/media\/135229"}],"wp:attachment":[{"href":"https:\/\/www.europesays.com\/se\/wp-json\/wp\/v2\/media?parent=135228"}],"wp:term":[{"taxonomy":"category","embeddable":true,"href":"https:\/\/www.europesays.com\/se\/wp-json\/wp\/v2\/categories?post=135228"},{"taxonomy":"post_tag","embeddable":true,"href":"https:\/\/www.europesays.com\/se\/wp-json\/wp\/v2\/tags?post=135228"}],"curies":[{"name":"wp","href":"https:\/\/api.w.org\/{rel}","templated":true}]}}