{"id":135249,"date":"2026-01-14T07:55:12","date_gmt":"2026-01-14T07:55:12","guid":{"rendered":"https:\/\/www.europesays.com\/se\/135249\/"},"modified":"2026-01-14T07:55:12","modified_gmt":"2026-01-14T07:55:12","slug":"just-nu-besvarligt-vaglag-i-skaraborg-skolskjutsar-stalls-in-i-kommunen-nlt","status":"publish","type":"post","link":"https:\/\/www.europesays.com\/se\/135249\/","title":{"rendered":"JUST NU: Besv\u00e4rligt v\u00e4glag i Skaraborg \u2013 skolskjutsar st\u00e4lls in i kommunen &#8211; NLT"},"content":{"rendered":"<ol>\n<li><a href=\"https:\/\/news.google.com\/rss\/articles\/CBMiogFBVV95cUxONnpIamxxM0ZlRWpiWEVpajNRMkJScEQ1Ty1wbXBMcHNCQm5LckY5dWNYU3RORXNiVzliSjlDYmgzS0JPUzlRaXU1cHNubGM3b09IWGN0aG90RXVkTzRLMDVFX3FPOUlDSy1MSklXQjNpU2xuT05hckpIUWFhaGZPeW54UUtCTFVwUWtsd2dwWmg1clZiSGtRcFRoSV9sX3otMXc?oc=5\" target=\"_blank\" rel=\"nofollow noopener\">JUST NU: Besv\u00e4rligt v\u00e4glag i Skaraborg \u2013 skolskjutsar st\u00e4lls in i kommunen<\/a>&nbsp;&nbsp;NLT<\/li>\n<li><a href=\"https:\/\/news.google.com\/rss\/articles\/CBMicEFVX3lxTE5iVzZXU1hWNjRMdjVQVE9VV0Y4ZUM0SHBZNGlmR0V6dDQxU3RBR2ktZ0QxWExfQWY2RFM2eEVnM1JmbF9KRE5hU3NfQjdBRDdjOEp3V2Zlb3UwZnFOa294R2hwR0NtVzJOZW4yZVhKbDU?oc=5\" target=\"_blank\" rel=\"nofollow noopener\">Skolskjuts st\u00e4lls in<\/a>&nbsp;&nbsp;Bor\u00e5s Tidning<\/li>\n<li><a href=\"https:\/\/news.google.com\/rss\/articles\/CBMiuAFBVV95cUxNQUhDWkFZdVNkWHJpd1p6c21zbmo0R0JpaG16Z3hnQlJkTXRtU29xT0ZuQ0EySFZ4QlJ2R3pBU2hjMHZJekNNczFMeUZsM1JUb0h4bXgtZzdTZERsV1VtbjFycFBsbzJRTEVhQXFnNUI1ZVlSUV96by1JcFRPWlBwMzJ1S0steV8zWXNMcWRBb0ZBcVdpcWtCbVhBNXJWd1Z0RHd1d2gyZFkzTGZmaGZPbE5DRVQza09t?oc=5\" target=\"_blank\" rel=\"nofollow noopener\">JUST NU: Gul varning f\u00f6r ishalka \u2013 flera kommuner v\u00e4ljer att st\u00e4lla in morgonens skolskjuts<\/a>&nbsp;&nbsp;NLT<\/li>\n<li><a href=\"https:\/\/news.google.com\/rss\/articles\/CBMie0FVX3lxTE5BS1J1c0VfUWVFa1pNNUVqN1hhbnZxekFycjhWMnVVU3RYaDBObk9DRHB1d1lpUVM1TnEyVVdrQlZxVngzTngtTUxoOEdENV92bGZTZ1NrbjBMSm9RY0NsWlotenhMaVJjSmVPUGNyWG1hV1RmRHdsUGh4Zw?oc=5\" target=\"_blank\" rel=\"nofollow noopener\">Skolskjutsar st\u00e4lls in i Uddevalla och F\u00e4rgelanda<\/a>&nbsp;&nbsp;Sveriges Radio<\/li>\n<li><a href=\"https:\/\/news.google.com\/rss\/articles\/CBMiggFBVV95cUxOdGxFek1GRl9RZEJUaFZySWRVLWpBbGZtNlVEaXN5T2tUU2VMRVBScklXZWl6a3Zlam1pVk82blQyRGl6ZjhXUnloaVdJdjdiSE8zVGxORjdvVUR4aDNwbkNCbG00ZkEtcXJXbkFHcjNWN1gtSWtXXzVtSjh4dlpHZzR3?oc=5\" target=\"_blank\" rel=\"nofollow noopener\">JUST NU: V\u00e4dervarning st\u00e4ller in bussar<\/a>&nbsp;&nbsp;NYHETERsto.se<\/li>\n<\/ol>\n","protected":false},"excerpt":{"rendered":"JUST NU: Besv\u00e4rligt v\u00e4glag i Skaraborg \u2013 skolskjutsar st\u00e4lls in i kommunen&nbsp;&nbsp;NLT Skolskjuts st\u00e4lls in&nbsp;&nbsp;Bor\u00e5s Tidning JUST NU:&hellip;\n","protected":false},"author":2,"featured_media":135196,"comment_status":"","ping_status":"","sticky":false,"template":"","format":"standard","meta":{"footnotes":""},"categories":[12],"tags":[22,23,26,27,17,21,24,25,28,29,15,16,18,34,31,33,32,30,19,20],"class_list":{"0":"post-135249","1":"post","2":"type-post","3":"status-publish","4":"format-standard","5":"has-post-thumbnail","7":"category-sverige","8":"tag-breaking-news","9":"tag-breakingnews","10":"tag-featured-news","11":"tag-featurednews","12":"tag-headlines","13":"tag-huvudnyheter","14":"tag-latest-news","15":"tag-latestnews","16":"tag-main-news","17":"tag-mainnews","18":"tag-news","19":"tag-nyheter","20":"tag-rubriker","21":"tag-se","22":"tag-svenska","23":"tag-sverige","24":"tag-sweden","25":"tag-swedish","26":"tag-top-stories","27":"tag-topstories"},"share_on_mastodon":{"url":"https:\/\/pubeurope.com\/@se\/115892382869449057","error":""},"_links":{"self":[{"href":"https:\/\/www.europesays.com\/se\/wp-json\/wp\/v2\/posts\/135249","targetHints":{"allow":["GET"]}}],"collection":[{"href":"https:\/\/www.europesays.com\/se\/wp-json\/wp\/v2\/posts"}],"about":[{"href":"https:\/\/www.europesays.com\/se\/wp-json\/wp\/v2\/types\/post"}],"author":[{"embeddable":true,"href":"https:\/\/www.europesays.com\/se\/wp-json\/wp\/v2\/users\/2"}],"replies":[{"embeddable":true,"href":"https:\/\/www.europesays.com\/se\/wp-json\/wp\/v2\/comments?post=135249"}],"version-history":[{"count":0,"href":"https:\/\/www.europesays.com\/se\/wp-json\/wp\/v2\/posts\/135249\/revisions"}],"wp:featuredmedia":[{"embeddable":true,"href":"https:\/\/www.europesays.com\/se\/wp-json\/wp\/v2\/media\/135196"}],"wp:attachment":[{"href":"https:\/\/www.europesays.com\/se\/wp-json\/wp\/v2\/media?parent=135249"}],"wp:term":[{"taxonomy":"category","embeddable":true,"href":"https:\/\/www.europesays.com\/se\/wp-json\/wp\/v2\/categories?post=135249"},{"taxonomy":"post_tag","embeddable":true,"href":"https:\/\/www.europesays.com\/se\/wp-json\/wp\/v2\/tags?post=135249"}],"curies":[{"name":"wp","href":"https:\/\/api.w.org\/{rel}","templated":true}]}}