{"id":135260,"date":"2026-01-14T08:03:10","date_gmt":"2026-01-14T08:03:10","guid":{"rendered":"https:\/\/www.europesays.com\/se\/135260\/"},"modified":"2026-01-14T08:03:10","modified_gmt":"2026-01-14T08:03:10","slug":"stora-mangder-sno-kan-ge-skador-pa-hus","status":"publish","type":"post","link":"https:\/\/www.europesays.com\/se\/135260\/","title":{"rendered":"Stora m\u00e4ngder sn\u00f6 kan ge skador p\u00e5 hus"},"content":{"rendered":"<p>&#13;<br \/>\n                        &#13;<br \/>\n&#13;<br \/>\n&#13;<\/p>\n<p><strong>Den senaste tiden har delar av Sverige f\u00e5tt stora m\u00e4ngder sn\u00f6, n\u00e5got som riskerar att st\u00e4lla till det f\u00f6r villa- och fritidshus\u00e4gare. Vid kraftigt sn\u00f6fall och l\u00e5ngvarig kyla som sedan \u00f6verg\u00e5r till mildare v\u00e4der \u00f6kar risken f\u00f6r sn\u00f6trycksskador d\u00e5 sn\u00f6n kan v\u00e4ga upp mot 3\u20135 g\u00e5nger s\u00e5 mycket.<\/strong><\/p>\n<p>&#13;<\/p>\n<p style=\"margin-top:12px;\"><img decoding=\"async\" alt=\"erik arvidsson.jpg\" src=\"https:\/\/www.europesays.com\/se\/wp-content\/uploads\/2026\/01\/8a4f0b81ee9b726c_800x800ar.jpg\"\/><br \/>En vanlig villa som \u00e4r byggd enligt norm ska t\u00e5la tyngd fr\u00e5n normalt sn\u00f6v\u00e4der. Problemet \u00e4r att det kan samlas mycket sn\u00f6 p\u00e5 en del av taket, till exempel mellan huvudbyggnaden och ett l\u00e5gt liggande altantak. Ibland kan det ocks\u00e5 driva extra mycket sn\u00f6 p\u00e5 l\u00e4sidan av taket. I dessa fall kan det vara bra att skotta.<\/p>\n<p>\u2013 Kraftigt sn\u00f6fall i kombination med mildare temperaturer \u00f6kar risken f\u00f6r sn\u00f6trycksskador. N\u00e4r det \u00e4r kallt ute \u00e4r densiteten p\u00e5 sn\u00f6n l\u00e5g, men n\u00e4r sn\u00f6n blir bl\u00f6t kan den v\u00e4ga upp mot tre till fem g\u00e5nger s\u00e5 mycket, p\u00e5 st\u00f6rre tak kan det snabbt handla om flera ton extra belastning, s\u00e4ger Erik Arvidsson, skadef\u00f6rebyggare p\u00e5 Folksam.<\/p>\n<p>Ibland kan det bildas is runt utbl\u00e5sningshuven p\u00e5 taket eftersom varm luft sm\u00e4lter sn\u00f6n intill. D\u00e5 v\u00e4xer en tjock och bred \u201disklump\u201d fram. Om isen blir tillr\u00e4ckligt tjock kan sm\u00e4ltvatten leta sig bak\u00e5t under takpannorna. Isen kan ocks\u00e5 skada h\u00e4ngr\u00e4nnor och stupr\u00f6r, och om taket \u00e4r d\u00e5ligt isolerat bildas ofta stora istappar vid takfoten.<\/p>\n<p>\u2013 Det allra viktigaste \u00e4r att inte ta risker n\u00e4r man skottar p\u00e5 tak. S\u00e4kerheten \u00e4r sj\u00e4lvfallet viktig f\u00f6r den som skottar, men \u00e4ven f\u00f6r de som vistas nere p\u00e5 marken. Att jobba p\u00e5 ett tak \u00e4r alltid farligt men p\u00e5 vintern g\u00f6r sn\u00f6, is, kyla och bl\u00e5st arbetet extra sv\u00e5rt. D\u00e4rf\u00f6r \u00e4r det viktigt att anv\u00e4nda ordentliga skyddsanordningar eller kanske helst anlita professionell hj\u00e4lp, s\u00e4ger Erik Arvidsson, skadef\u00f6rebyggare p\u00e5 Folksam.<\/p>\n<p><strong>Folksams r\u00e5d vid sn\u00f6skottning<\/strong><\/p>\n<ul>\n<li>Anv\u00e4nd en s\u00e4ker stege och utrustning som skyddshj\u00e4lm, s\u00e4kerhetssele och skor med bra grepp alternativt l\u00e5t professionella sn\u00f6r\u00f6jare sk\u00f6ta sn\u00f6skottningen p\u00e5 tak<\/li>\n<li>Anv\u00e4nd en skyffel som inte skadar taket. En metallskyffel skadar l\u00e4tt takbel\u00e4ggningen \u2013 l\u00e4mna 10\u201320 cm sn\u00f6 om du har solceller<\/li>\n<li>Om det \u00e4r mycket sn\u00f6; skotta av i lager. Om man till exempel bara skottar av halva taket s\u00e5 kan det bli snedbelastning och skada b\u00e4rande konstruktion<\/li>\n<li>Om m\u00f6jligt, sopa eller kratta av sn\u00f6 fr\u00e5n altantak, v\u00e4xthus och andra sm\u00e5hus fr\u00e5n marken<\/li>\n<\/ul>\n<p>L\u00e4s mer om <a href=\"https:\/\/www.folksam.se\/experter\/erik-arvidsson\" target=\"_blank\" rel=\"nofollow noopener\">Folksams skadef\u00f6rebyggare Erik Arvidsson<\/a>.<\/p>\n<p>Mer information och fler tips finns <a href=\"https:\/\/www.folksam.se\/tester-och-goda-rad\/hus-och-hem\/skador-under-aret\/sno-pa-tak\" target=\"_blank\" rel=\"nofollow noopener\">h\u00e4r<\/a>.<br \/>\u00a0<\/p>\n<p>&#13;<br \/>\n&#13;<br \/>\n&#13;<\/p>\n<p><strong>F\u00f6r mer information, kontakta Folksams pressavdelning:<\/strong><br \/>08-27 20 40<br \/>press@folksam.se<\/p>\n<p>&#13;<\/p>\n<p><strong>Om Folksam<\/strong><br \/>Folksam \u00e4r ett kund\u00e4gt f\u00f6retag. Vi erbjuder f\u00f6rs\u00e4kringar och pensionssparande. N\u00e4stan varannan svensk \u00e4r f\u00f6rs\u00e4krad hos Folksam och vi \u00e4r en av Sveriges st\u00f6rsta kapitalf\u00f6rvaltare. Visionen \u00e4r att v\u00e5ra kunder ska k\u00e4nna sig trygga i en h\u00e5llbar v\u00e4rld. L\u00e4s mer p\u00e5 <a href=\"http:\/\/www.folksam.se\" rel=\"nofollow noopener\" target=\"_blank\">www.folksam.se<\/a>.<\/p>\n","protected":false},"excerpt":{"rendered":"&#13; &#13; &#13; &#13; Den senaste tiden har delar av Sverige f\u00e5tt stora m\u00e4ngder sn\u00f6, n\u00e5got som riskerar&hellip;\n","protected":false},"author":2,"featured_media":135261,"comment_status":"","ping_status":"","sticky":false,"template":"","format":"standard","meta":{"footnotes":""},"categories":[12],"tags":[22,23,26,27,17,21,24,25,28,29,15,16,18,34,31,33,32,30,19,20],"class_list":{"0":"post-135260","1":"post","2":"type-post","3":"status-publish","4":"format-standard","5":"has-post-thumbnail","7":"category-sverige","8":"tag-breaking-news","9":"tag-breakingnews","10":"tag-featured-news","11":"tag-featurednews","12":"tag-headlines","13":"tag-huvudnyheter","14":"tag-latest-news","15":"tag-latestnews","16":"tag-main-news","17":"tag-mainnews","18":"tag-news","19":"tag-nyheter","20":"tag-rubriker","21":"tag-se","22":"tag-svenska","23":"tag-sverige","24":"tag-sweden","25":"tag-swedish","26":"tag-top-stories","27":"tag-topstories"},"share_on_mastodon":{"url":"https:\/\/pubeurope.com\/@se\/115892414290977137","error":""},"_links":{"self":[{"href":"https:\/\/www.europesays.com\/se\/wp-json\/wp\/v2\/posts\/135260","targetHints":{"allow":["GET"]}}],"collection":[{"href":"https:\/\/www.europesays.com\/se\/wp-json\/wp\/v2\/posts"}],"about":[{"href":"https:\/\/www.europesays.com\/se\/wp-json\/wp\/v2\/types\/post"}],"author":[{"embeddable":true,"href":"https:\/\/www.europesays.com\/se\/wp-json\/wp\/v2\/users\/2"}],"replies":[{"embeddable":true,"href":"https:\/\/www.europesays.com\/se\/wp-json\/wp\/v2\/comments?post=135260"}],"version-history":[{"count":0,"href":"https:\/\/www.europesays.com\/se\/wp-json\/wp\/v2\/posts\/135260\/revisions"}],"wp:featuredmedia":[{"embeddable":true,"href":"https:\/\/www.europesays.com\/se\/wp-json\/wp\/v2\/media\/135261"}],"wp:attachment":[{"href":"https:\/\/www.europesays.com\/se\/wp-json\/wp\/v2\/media?parent=135260"}],"wp:term":[{"taxonomy":"category","embeddable":true,"href":"https:\/\/www.europesays.com\/se\/wp-json\/wp\/v2\/categories?post=135260"},{"taxonomy":"post_tag","embeddable":true,"href":"https:\/\/www.europesays.com\/se\/wp-json\/wp\/v2\/tags?post=135260"}],"curies":[{"name":"wp","href":"https:\/\/api.w.org\/{rel}","templated":true}]}}