{"id":135266,"date":"2026-01-14T08:07:09","date_gmt":"2026-01-14T08:07:09","guid":{"rendered":"https:\/\/www.europesays.com\/se\/135266\/"},"modified":"2026-01-14T08:07:09","modified_gmt":"2026-01-14T08:07:09","slug":"forfattaren-colleen-hoover-har-cancer","status":"publish","type":"post","link":"https:\/\/www.europesays.com\/se\/135266\/","title":{"rendered":"F\u00f6rfattaren Colleen Hoover har cancer"},"content":{"rendered":"<p><strong>Colleen Hoover, f\u00f6rfattaren bakom romaner som \u201cDet slutar med oss\u201d och \u201cMinnen av honom\u201d, har f\u00e5tt cancer, det ber\u00e4ttar hon i sociala medier. <\/strong><\/p>\n<p><img loading=\"lazy\" decoding=\"async\" width=\"1200\" height=\"800\" src=\"https:\/\/www.europesays.com\/se\/wp-content\/uploads\/2026\/01\/forfattaren-colleen-hoover-har-cancer.jpg\" alt=\"\" class=\"wp-image-412324\"\/>Foto: Instagram<\/p>\n<p>Det var under m\u00e5ndagen som Colleen Hoover delade med sig av ett inl\u00e4gg i sociala medier som fick m\u00e5nga av hennes f\u00f6ljare att reagera.<\/p>\n<p><strong>Drabbades av h\u00e4lsoproblem under filminspelning<\/strong><\/p>\n<p>I inl\u00e4gget framkommer det att Hoover behandlas f\u00f6r cancer:<\/p>\n<p>\u201cN\u00e4st sista dagen med str\u00e5lbehandling\u201c, skriver f\u00f6rfattaren. \u201cJag \u00f6nskar att jag kunde skylla mitt h\u00e5r och ansiktsuttryck p\u00e5 @texas.oncology men de har varit j\u00e4ttebra. Hoppas att ni aldrig kommer beh\u00f6va dem, men jag rekommenderar dem varmt.\u201d<\/p>\n<p>Enligt <a href=\"https:\/\/deadline.com\/2026\/01\/it-ends-with-us-regretting-you-colleen-hoover-cancer-diagnosis-1236681361\/\" data-type=\"link\" data-id=\"https:\/\/deadline.com\/2026\/01\/it-ends-with-us-regretting-you-colleen-hoover-cancer-diagnosis-1236681361\/\" rel=\"nofollow noopener\" target=\"_blank\">Deadline<\/a> avsl\u00f6jade Hoover cancerdiagnosen redan i december, men ber\u00e4ttade inte vilken typ av cancer hon drabbats av.<\/p>\n<p>P\u00e5 grund av behandlingarna har Hoover missat en del \u00e5taganden s\u00e5som marknadsf\u00f6ring f\u00f6r den kommande filmen <a href=\"https:\/\/metromode.se\/noje\/minnen-av-honom-se-trailern-for-nasta-colleen-hoover-film\/\" data-type=\"link\" data-id=\"https:\/\/metromode.se\/noje\/minnen-av-honom-se-trailern-for-nasta-colleen-hoover-film\/\" rel=\"nofollow noopener\" target=\"_blank\">Minnen av honom<\/a>, som bygger p\u00e5 hennes roman med samma namn.<\/p>\n<p>F\u00f6rfattaren har ber\u00e4ttat p\u00e5 Facebook att hon led av \u201c\u00e5terkommande\u201d h\u00e4lsoproblem under inspelningen av filmen \u2013\u00a0men v\u00e4ntade med att kolla upp problemen tills inspelningarna var avklarade.<\/p>\n<p>\u201cN\u00e4r jag kom hem igen uppt\u00e4ckte jag att jag hade cancer\u201d, skrev hon.<\/p>\n<p>Hoover tillade att cancern hade opererats bort och att hon skulle genomg\u00e5 str\u00e5lbehandling, samt att hon men inte beh\u00f6vde cellgifter.<\/p>\n","protected":false},"excerpt":{"rendered":"Colleen Hoover, f\u00f6rfattaren bakom romaner som \u201cDet slutar med oss\u201d och \u201cMinnen av honom\u201d, har f\u00e5tt cancer, det&hellip;\n","protected":false},"author":2,"featured_media":135267,"comment_status":"","ping_status":"","sticky":false,"template":"","format":"standard","meta":{"footnotes":""},"categories":[67],"tags":[104,34,31,33,32,30,105],"class_list":{"0":"post-135266","1":"post","2":"type-post","3":"status-publish","4":"format-standard","5":"has-post-thumbnail","7":"category-underhallning","8":"tag-entertainment","9":"tag-se","10":"tag-svenska","11":"tag-sverige","12":"tag-sweden","13":"tag-swedish","14":"tag-underhallning"},"share_on_mastodon":{"url":"https:\/\/pubeurope.com\/@se\/115892429990136762","error":""},"_links":{"self":[{"href":"https:\/\/www.europesays.com\/se\/wp-json\/wp\/v2\/posts\/135266","targetHints":{"allow":["GET"]}}],"collection":[{"href":"https:\/\/www.europesays.com\/se\/wp-json\/wp\/v2\/posts"}],"about":[{"href":"https:\/\/www.europesays.com\/se\/wp-json\/wp\/v2\/types\/post"}],"author":[{"embeddable":true,"href":"https:\/\/www.europesays.com\/se\/wp-json\/wp\/v2\/users\/2"}],"replies":[{"embeddable":true,"href":"https:\/\/www.europesays.com\/se\/wp-json\/wp\/v2\/comments?post=135266"}],"version-history":[{"count":0,"href":"https:\/\/www.europesays.com\/se\/wp-json\/wp\/v2\/posts\/135266\/revisions"}],"wp:featuredmedia":[{"embeddable":true,"href":"https:\/\/www.europesays.com\/se\/wp-json\/wp\/v2\/media\/135267"}],"wp:attachment":[{"href":"https:\/\/www.europesays.com\/se\/wp-json\/wp\/v2\/media?parent=135266"}],"wp:term":[{"taxonomy":"category","embeddable":true,"href":"https:\/\/www.europesays.com\/se\/wp-json\/wp\/v2\/categories?post=135266"},{"taxonomy":"post_tag","embeddable":true,"href":"https:\/\/www.europesays.com\/se\/wp-json\/wp\/v2\/tags?post=135266"}],"curies":[{"name":"wp","href":"https:\/\/api.w.org\/{rel}","templated":true}]}}