{"id":135270,"date":"2026-01-14T08:10:09","date_gmt":"2026-01-14T08:10:09","guid":{"rendered":"https:\/\/www.europesays.com\/se\/135270\/"},"modified":"2026-01-14T08:10:09","modified_gmt":"2026-01-14T08:10:09","slug":"i-detta-land-okar-fortrycket-av-kristna-mest","status":"publish","type":"post","link":"https:\/\/www.europesays.com\/se\/135270\/","title":{"rendered":"I detta land \u00f6kar f\u00f6rtrycket av kristna mest"},"content":{"rendered":"<p class=\"kicker \" style=\"\">Nyhet<\/p>\n<p>    Open doors varnar f\u00f6r att religionsfriheten inskr\u00e4nks i m\u00e5nga av v\u00e4rldens l\u00e4nder.<\/p>\n<p>\n        S\u00f6rjande f\u00f6rsamlingsbor omfamnar varandra i Mar Elias-kyrkan i Damaskus i samband med julfirandet. Rapporter visar p\u00e5 kraftigt \u00f6kad f\u00f6rf\u00f6ljelse av kristna i Syrien.<br \/>\n        Omar Sanadiki\n    <\/p>\n<p>Missionsorganisationen Open doors sammanst\u00e4ller varje \u00e5r en<br \/>\nlista \u00f6ver de 50 l\u00e4nder d\u00e4r f\u00f6rf\u00f6ljelsen av kristna \u00e4r allvarligast. \u00c5rets<br \/>\nlista toppas av samma l\u00e4nder som f\u00f6rra \u00e5ret: Nordkorea, Somalia och Jemen.<\/p>\n<p>                Prenumerera p\u00e5 Kyrkans Tidning<br \/>\n                Tre m\u00e5nader f\u00f6r 49 kr<br \/>D\u00e4refter 50 % rabatt i ett halv\u00e5r. Avsluta n\u00e4r du vill.<\/p>\n<ul style=\"font-size:0.8em\">\n<li>\u2022 Eget konto med full tillg\u00e5ng till kyrkanstidning.se<\/li>\n<li>\u2022 E-tidning &#8211; papperstidningen i digital form<\/li>\n<li>\u2022 Nyhetsbrev, temabilagor, poddar, quiz<\/li>\n<\/ul>\n<p>Ord pris 130 kr\/m\u00e5n<\/p>\n<p>\n                    <a style=\"\" class=\"lab-paywall-teaser-offer-button\" href=\"https:\/\/api.kyrkanstidning.se\/paywall\/order?providerUrl=https%3A%2F%2Fauth.kyrkanstidning.se%2Fpurchase%2Fkampanjer%2F3man49&amp;siteAlias=kyrkanstidning&amp;&amp;siteId=2&amp;contentUrl=https%3A%2F%2Fwww.kyrkanstidning.se%2Fnyhet%2Fi-detta-land-oekar-foertrycket-av-kristna-mest%2F424972\" rel=\"nofollow noopener\" target=\"_blank\">K\u00d6P<\/a>\n                <\/p>\n","protected":false},"excerpt":{"rendered":"Nyhet Open doors varnar f\u00f6r att religionsfriheten inskr\u00e4nks i m\u00e5nga av v\u00e4rldens l\u00e4nder. S\u00f6rjande f\u00f6rsamlingsbor omfamnar varandra i&hellip;\n","protected":false},"author":2,"featured_media":135271,"comment_status":"","ping_status":"","sticky":false,"template":"","format":"standard","meta":{"footnotes":""},"categories":[14],"tags":[22,23,26,27,17,21,24,25,28,29,15,16,18,34,31,33,32,30,19,20,51,52,53,54],"class_list":{"0":"post-135270","1":"post","2":"type-post","3":"status-publish","4":"format-standard","5":"has-post-thumbnail","7":"category-varlden","8":"tag-breaking-news","9":"tag-breakingnews","10":"tag-featured-news","11":"tag-featurednews","12":"tag-headlines","13":"tag-huvudnyheter","14":"tag-latest-news","15":"tag-latestnews","16":"tag-main-news","17":"tag-mainnews","18":"tag-news","19":"tag-nyheter","20":"tag-rubriker","21":"tag-se","22":"tag-svenska","23":"tag-sverige","24":"tag-sweden","25":"tag-swedish","26":"tag-top-stories","27":"tag-topstories","28":"tag-varlden","29":"tag-world","30":"tag-world-news","31":"tag-worldnews"},"share_on_mastodon":{"url":"https:\/\/pubeurope.com\/@se\/115892441866648496","error":""},"_links":{"self":[{"href":"https:\/\/www.europesays.com\/se\/wp-json\/wp\/v2\/posts\/135270","targetHints":{"allow":["GET"]}}],"collection":[{"href":"https:\/\/www.europesays.com\/se\/wp-json\/wp\/v2\/posts"}],"about":[{"href":"https:\/\/www.europesays.com\/se\/wp-json\/wp\/v2\/types\/post"}],"author":[{"embeddable":true,"href":"https:\/\/www.europesays.com\/se\/wp-json\/wp\/v2\/users\/2"}],"replies":[{"embeddable":true,"href":"https:\/\/www.europesays.com\/se\/wp-json\/wp\/v2\/comments?post=135270"}],"version-history":[{"count":0,"href":"https:\/\/www.europesays.com\/se\/wp-json\/wp\/v2\/posts\/135270\/revisions"}],"wp:featuredmedia":[{"embeddable":true,"href":"https:\/\/www.europesays.com\/se\/wp-json\/wp\/v2\/media\/135271"}],"wp:attachment":[{"href":"https:\/\/www.europesays.com\/se\/wp-json\/wp\/v2\/media?parent=135270"}],"wp:term":[{"taxonomy":"category","embeddable":true,"href":"https:\/\/www.europesays.com\/se\/wp-json\/wp\/v2\/categories?post=135270"},{"taxonomy":"post_tag","embeddable":true,"href":"https:\/\/www.europesays.com\/se\/wp-json\/wp\/v2\/tags?post=135270"}],"curies":[{"name":"wp","href":"https:\/\/api.w.org\/{rel}","templated":true}]}}