{"id":135274,"date":"2026-01-14T08:12:21","date_gmt":"2026-01-14T08:12:21","guid":{"rendered":"https:\/\/www.europesays.com\/se\/135274\/"},"modified":"2026-01-14T08:12:21","modified_gmt":"2026-01-14T08:12:21","slug":"seger-i-forsta-semin-frolunda-hc","status":"publish","type":"post","link":"https:\/\/www.europesays.com\/se\/135274\/","title":{"rendered":"Seger i f\u00f6rsta semin | Fr\u00f6lunda HC"},"content":{"rendered":"<p class=\"paragraph text-left\"> Fr\u00f6lunda HC begav sig till G\u00e4vle f\u00f6r det f\u00f6rsta m\u00f6tet i Champions Hockey League-semifinalen mot Bryn\u00e4s IF och hade med sig tv\u00e5 efterl\u00e4ngtade f\u00f6rst\u00e4rkningar i Ivar Stenberg och Max Westerg\u00e5rd, som var tillbaka i spel efter sitt \u00e4ventyr i Minnesota och junior-VM. Det skulle inte ta mer \u00e4n en halv period innan Ivar tog f\u00f6r sig av showen och st\u00e4llde sig i rampljuset. I spel fem mot fyra fick han pucken av Linus H\u00f6gberg, tog en b\u00e5ge in i v\u00e4nstra tekningscirkeln och pricksk\u00f6t in ledningspucken, 1-0, med ett elegant avslut. <\/p>\n<p class=\"paragraph text-left\"> Matchen hade det mesta och slutspelsk\u00e4nslorna gick inte att ta miste p\u00e5, det sm\u00e4llde friskt och var hett i s\u00e5v\u00e4l n\u00e4rkamper som avbl\u00e5sningar. En som verkligen hade vaknat p\u00e5 r\u00e4tt sida den h\u00e4r dagen var Lars Johansson, som var helt om\u00f6jlig f\u00f6r hemmalaget att sl\u00e5 h\u00e5l p\u00e5.\u00a0 <\/p>\n<p class=\"paragraph text-left\"> Det var en tight drabbning d\u00e4r Fr\u00f6lunda gjorde det allra mesta r\u00e4tt och h\u00f6ll Bryn\u00e4s ifr\u00e5n sig p\u00e5 ett starkt s\u00e4tt. Halvv\u00e4gs in i den tredje perioden ut\u00f6kade Max Friberg ledningen till 2-0, \u00e4ven det i numer\u00e4rt \u00f6verl\u00e4ge, och s\u00e5g till att Fr\u00f6lunda hade kopplat ett bra grepp inf\u00f6r returen i Fr\u00f6lundaborg om en vecka. <\/p>\n<p class=\"paragraph text-left\"> Bryn\u00e4s gjorde ett bra f\u00f6rs\u00f6k att pusha f\u00f6r att f\u00e5 h\u00e5l p\u00e5 Lars Johansson i slutskedet, men utan att lyckas. Lasse r\u00e4ddade samtliga 17 skott och h\u00f6ll sin andra nolla den h\u00e4r s\u00e4songen (med SHL inr\u00e4knat). Returen g\u00e5r av stapeln n\u00e4sta tisdag, 20 januari. Biljetter k\u00f6per du via <a target=\"_blank\" href=\"https:\/\/fhc.tmtickets.se\/EDP\/Event\/Index\/338?position=3\" rel=\"nofollow noopener\">den h\u00e4r l\u00e4nken<\/a>. <\/p>\n<p class=\"paragraph text-left\"> &#8211; Det \u00e4r sk\u00f6nt att vara tillbaka i Fr\u00f6lunda, det tar lite tid att komma tillbaka i spelsystemet och s\u00e5 d\u00e4r, men det k\u00e4ndes bra, kommenterade Ivar Stenberg i Viaplay efter slutsignalen och utvecklade: <\/p>\n<p class=\"paragraph text-left\"> &#8211; Det \u00e4r mycket mer fram och tillbaka i juniorhockeyn medan det i SHL (och CHL) \u00e4r v\u00e4ldigt kontrollerat och lite mer sv\u00e5rspelat. Jag kanske inte gjorde min b\u00e4sta match idag, men det var sk\u00f6nt att kunna bidra med m\u00e5l, avslutade Ivar. <\/p>\n<p class=\"paragraph text-left\"> Den h\u00e4r matchen var f\u00f6r \u00f6vrigt Nicklas Lasus 92:a match i Champions Hockey League, med det klev han f\u00f6rbi Ryan Lasch och Arvid Lundberg (b\u00e5da 91 matcher) f\u00f6r att numera inneha titeln f\u00f6r flest spelade matcher i turneringens historia. Bara en s\u00e5dan sak. <\/p>\n","protected":false},"excerpt":{"rendered":"Fr\u00f6lunda HC begav sig till G\u00e4vle f\u00f6r det f\u00f6rsta m\u00f6tet i Champions Hockey League-semifinalen mot Bryn\u00e4s IF och&hellip;\n","protected":false},"author":2,"featured_media":135275,"comment_status":"","ping_status":"","sticky":false,"template":"","format":"standard","meta":{"footnotes":""},"categories":[5],"tags":[22,23,26,27,17,21,24,25,28,29,15,16,18,34,31,33,32,30,19,20],"class_list":{"0":"post-135274","1":"post","2":"type-post","3":"status-publish","4":"format-standard","5":"has-post-thumbnail","7":"category-rubriker","8":"tag-breaking-news","9":"tag-breakingnews","10":"tag-featured-news","11":"tag-featurednews","12":"tag-headlines","13":"tag-huvudnyheter","14":"tag-latest-news","15":"tag-latestnews","16":"tag-main-news","17":"tag-mainnews","18":"tag-news","19":"tag-nyheter","20":"tag-rubriker","21":"tag-se","22":"tag-svenska","23":"tag-sverige","24":"tag-sweden","25":"tag-swedish","26":"tag-top-stories","27":"tag-topstories"},"share_on_mastodon":{"url":"https:\/\/pubeurope.com\/@se\/115892449604520642","error":""},"_links":{"self":[{"href":"https:\/\/www.europesays.com\/se\/wp-json\/wp\/v2\/posts\/135274","targetHints":{"allow":["GET"]}}],"collection":[{"href":"https:\/\/www.europesays.com\/se\/wp-json\/wp\/v2\/posts"}],"about":[{"href":"https:\/\/www.europesays.com\/se\/wp-json\/wp\/v2\/types\/post"}],"author":[{"embeddable":true,"href":"https:\/\/www.europesays.com\/se\/wp-json\/wp\/v2\/users\/2"}],"replies":[{"embeddable":true,"href":"https:\/\/www.europesays.com\/se\/wp-json\/wp\/v2\/comments?post=135274"}],"version-history":[{"count":0,"href":"https:\/\/www.europesays.com\/se\/wp-json\/wp\/v2\/posts\/135274\/revisions"}],"wp:featuredmedia":[{"embeddable":true,"href":"https:\/\/www.europesays.com\/se\/wp-json\/wp\/v2\/media\/135275"}],"wp:attachment":[{"href":"https:\/\/www.europesays.com\/se\/wp-json\/wp\/v2\/media?parent=135274"}],"wp:term":[{"taxonomy":"category","embeddable":true,"href":"https:\/\/www.europesays.com\/se\/wp-json\/wp\/v2\/categories?post=135274"},{"taxonomy":"post_tag","embeddable":true,"href":"https:\/\/www.europesays.com\/se\/wp-json\/wp\/v2\/tags?post=135274"}],"curies":[{"name":"wp","href":"https:\/\/api.w.org\/{rel}","templated":true}]}}