{"id":135276,"date":"2026-01-14T08:14:13","date_gmt":"2026-01-14T08:14:13","guid":{"rendered":"https:\/\/www.europesays.com\/se\/135276\/"},"modified":"2026-01-14T08:14:13","modified_gmt":"2026-01-14T08:14:13","slug":"vi-behovde-lite-frisk-luft-i-truppen-pitea-tidningen","status":"publish","type":"post","link":"https:\/\/www.europesays.com\/se\/135276\/","title":{"rendered":"&quot;Vi beh\u00f6vde lite frisk luft i truppen&quot; &#8211; Pite\u00e5-Tidningen"},"content":{"rendered":"<ol>\n<li><a href=\"https:\/\/news.google.com\/rss\/articles\/CBMijwFBVV95cUxNb3RiaVd0VTlpd0JQa1NqUXNmTXI5QVpFSG0yS0Q1V2dxWUttNWtiT01WZ2lzQkpSbkZLY1hlc20zUndtSDZGSnJBR0NGZDlGV0I5OXVtOGFKcTVZYkNxUzVNTGdTcTV0TU1veVFUWk4zZW44M1JUdnE2UzZBdGVQeGl1Skt6Q0dldW1YWFozOA?oc=5\" target=\"_blank\" rel=\"nofollow noopener\">&#8221;Vi beh\u00f6vde lite frisk luft i truppen&#8221;<\/a>&nbsp;&nbsp;Pite\u00e5-Tidningen<\/li>\n<li><a href=\"https:\/\/news.google.com\/rss\/articles\/CBMilwFBVV95cUxOWFhLQ3RiZHZkbXc0UnJ2LUJldl84Z0lEczFiZnB3cW9WOWJJdjFvSk92RGhBbEE2QzJ6SlpiVlBwOVR4QTRMUnpSVG1iSTZyR1JkSHUxQkxMdFVnVDBWM2NZVy1wTXJzajdMdm5wc2pDendlSGFnRlVhd2FnU2dsRFpSa3B6TEJSV2NubkdTTUdxNV9Qazg4?oc=5\" target=\"_blank\" rel=\"nofollow noopener\">NHL-legendaren blir tr\u00e4nare i hockeyettan<\/a>&nbsp;&nbsp;Aftonbladet<\/li>\n<li><a href=\"https:\/\/news.google.com\/rss\/articles\/CBMiqgFBVV95cUxOWk05eUQ3N0owWjhOVGpFOGktMGh0U2RjUW1HMFZmc2M5RGJPUkNBLU9pVmpLUGo1TjZnemhzcmRzTnlucnRmUWtvWUFrNGFnS3dTa1VwdUJwVUVydzY5Um5BMTBjYjhGMW5TY0NQa1B2Rk9oTlpOUnBJYi1XOV9rVkRKVF9lRHoyRDZENG5wdnpaWElZSkxxRENIbWt2T0M0ZTlYaTR3SnRKQQ?oc=5\" target=\"_blank\" rel=\"nofollow noopener\">NHL-legendaren tar \u00f6ver \u2013 st\u00e4lls mot Clemensn\u00e4s direkt<\/a>&nbsp;&nbsp;Norran<\/li>\n<li><a href=\"https:\/\/news.google.com\/rss\/articles\/CBMigAFBVV95cUxPRDdVM0pjdGxMeHJPVFNEb29qb2RvSEdjUXhNb0JZQVRzVHNjbWU2MFhFQUhoc2J3TWZJSHhndkRCRUhkRmJ1eGI4YTVEQXBXTENBOWI1Q2VWYUZiSk05YVlKeXU3OXJPRThJZGpReDFXNFJGd1VFN3lZUXRJaE94NA?oc=5\" target=\"_blank\" rel=\"nofollow noopener\">&#8221;Homer&#8221; \u00e4r tillbaka \u2013 s\u00e5 \u00e4r livet efter karri\u00e4ren<\/a>&nbsp;&nbsp;HockeyNews<\/li>\n<li><a href=\"https:\/\/news.google.com\/rss\/articles\/CBMirwFBVV95cUxQY2swRDFiNUhjeDRzQVVKNUFwUkdGbEN5eDNmQnIwM0xoTkFQTFBqVkVQVDFfVlZ4bzlDRzdGbktCVFdGTFo1eTNWZ0s1ZS1IbjRheXI1WDAwVkZ1ei1xZmM3S3ZHN2YzVnhTbzZUYmRkUTJmMWVVVkM3aGNsQjl2dnMyOUZ4ZS1sOW9vbVdWRFVPREJVQ2stQWM2QU13YlJubG41YzdtMlZxdzNDOHQ0?oc=5\" target=\"_blank\" rel=\"nofollow noopener\">Tomas Holmstr\u00f6m tar \u00f6ver Pite\u00e5 \u2013 f\u00f6rsta tr\u00e4naruppdraget som huvudtr\u00e4nare<\/a>&nbsp;&nbsp;Sveriges Radio<\/li>\n<\/ol>\n","protected":false},"excerpt":{"rendered":"&#8221;Vi beh\u00f6vde lite frisk luft i truppen&#8221;&nbsp;&nbsp;Pite\u00e5-Tidningen NHL-legendaren blir tr\u00e4nare i hockeyettan&nbsp;&nbsp;Aftonbladet NHL-legendaren tar \u00f6ver \u2013 st\u00e4lls mot&hellip;\n","protected":false},"author":2,"featured_media":135277,"comment_status":"","ping_status":"","sticky":false,"template":"","format":"standard","meta":{"footnotes":""},"categories":[68],"tags":[34,111,110,31,33,32,30],"class_list":{"0":"post-135276","1":"post","2":"type-post","3":"status-publish","4":"format-standard","5":"has-post-thumbnail","7":"category-sport","8":"tag-se","9":"tag-sport","10":"tag-sports","11":"tag-svenska","12":"tag-sverige","13":"tag-sweden","14":"tag-swedish"},"share_on_mastodon":{"url":"https:\/\/pubeurope.com\/@se\/115892457606475638","error":""},"_links":{"self":[{"href":"https:\/\/www.europesays.com\/se\/wp-json\/wp\/v2\/posts\/135276","targetHints":{"allow":["GET"]}}],"collection":[{"href":"https:\/\/www.europesays.com\/se\/wp-json\/wp\/v2\/posts"}],"about":[{"href":"https:\/\/www.europesays.com\/se\/wp-json\/wp\/v2\/types\/post"}],"author":[{"embeddable":true,"href":"https:\/\/www.europesays.com\/se\/wp-json\/wp\/v2\/users\/2"}],"replies":[{"embeddable":true,"href":"https:\/\/www.europesays.com\/se\/wp-json\/wp\/v2\/comments?post=135276"}],"version-history":[{"count":0,"href":"https:\/\/www.europesays.com\/se\/wp-json\/wp\/v2\/posts\/135276\/revisions"}],"wp:featuredmedia":[{"embeddable":true,"href":"https:\/\/www.europesays.com\/se\/wp-json\/wp\/v2\/media\/135277"}],"wp:attachment":[{"href":"https:\/\/www.europesays.com\/se\/wp-json\/wp\/v2\/media?parent=135276"}],"wp:term":[{"taxonomy":"category","embeddable":true,"href":"https:\/\/www.europesays.com\/se\/wp-json\/wp\/v2\/categories?post=135276"},{"taxonomy":"post_tag","embeddable":true,"href":"https:\/\/www.europesays.com\/se\/wp-json\/wp\/v2\/tags?post=135276"}],"curies":[{"name":"wp","href":"https:\/\/api.w.org\/{rel}","templated":true}]}}