{"id":135282,"date":"2026-01-14T08:17:08","date_gmt":"2026-01-14T08:17:08","guid":{"rendered":"https:\/\/www.europesays.com\/se\/135282\/"},"modified":"2026-01-14T08:17:08","modified_gmt":"2026-01-14T08:17:08","slug":"klarna-lanserar-swish-konkurrent","status":"publish","type":"post","link":"https:\/\/www.europesays.com\/se\/135282\/","title":{"rendered":"Klarna lanserar Swish-konkurrent"},"content":{"rendered":"<p>share-arrowDela<\/p>\n<p>unsaveSpara<\/p>\n<p>expand-left<\/p>\n<p>helsk\u00e4rm<img decoding=\"async\" class=\"image-asset hyperion-css-u06ts1\" data-test-tag=\"image-asset\" src=\"https:\/\/www.europesays.com\/se\/wp-content\/uploads\/2026\/01\/767c1e87-5187-43c2-b7e8-af4c6ebadb6d.jpeg\"  alt=\"Klarnas vd Sebastian Siemiatkowski i samband med b\u00f6rsnoteringen i New York i h\u00f6stas.\"  loading=\"eager\" fetchpriority=\"high\" style=\"aspect-ratio:1900 \/ 1267\"\/>Klarnas vd Sebastian Siemiatkowski i samband med b\u00f6rsnoteringen i New York i h\u00f6stas. Foto: Richard Drew\/AP\/TT<\/p>\n<p class=\"hyperion-css-1shl3oz\" data-test-tag=\"lead-text\">Betaltj\u00e4nsten Klarna lanserar egen Swish-variant och tar d\u00e4rmed upp konkurrensen med storbankerna.<\/p>\n<p class=\"hyperion-css-1v9qo5x\">Med den nya funktionen kan kunderna skicka pengar mellan varandra p\u00e5 samma s\u00e4tt som den popul\u00e4ra tj\u00e4nsten Swish fungerar.<\/p>\n<p class=\"hyperion-css-1v9qo5x\">\u201dVi vill att Klarna ska fungera som en fullst\u00e4ndig bankl\u00f6sning f\u00f6r v\u00e5ra kunder. Med betalningar mellan privatpersoner g\u00f6r vi det \u00e4nnu enklare att hantera alla sina betalningar via Klarna\u201d, s\u00e4ger vd Sebastian Siemiatkowski i ett pressmeddelande.<\/p>\n<p class=\"hyperion-css-1v9qo5x\">Tj\u00e4nsten \u00e4r redan ig\u00e5ng i mindre skala. Den ska rullas ut gradvis i 13 europeiska l\u00e4nder, men g\u00e4ller till en b\u00f6rjan bara mellan kunder som har Klarna-konto. P\u00e5 sikt ska det g\u00e5 att skicka pengar \u00f6ver landgr\u00e4nserna ocks\u00e5.<\/p>\n","protected":false},"excerpt":{"rendered":"share-arrowDela unsaveSpara expand-left helsk\u00e4rmKlarnas vd Sebastian Siemiatkowski i samband med b\u00f6rsnoteringen i New York i h\u00f6stas. Foto: Richard&hellip;\n","protected":false},"author":2,"featured_media":135283,"comment_status":"","ping_status":"","sticky":false,"template":"","format":"standard","meta":{"footnotes":""},"categories":[65],"tags":[72,70,71,34,31,33,32,30],"class_list":{"0":"post-135282","1":"post","2":"type-post","3":"status-publish","4":"format-standard","5":"has-post-thumbnail","7":"category-ekonomi","8":"tag-business","9":"tag-economy","10":"tag-ekonomi","11":"tag-se","12":"tag-svenska","13":"tag-sverige","14":"tag-sweden","15":"tag-swedish"},"share_on_mastodon":{"url":"https:\/\/pubeurope.com\/@se\/115892469372380190","error":""},"_links":{"self":[{"href":"https:\/\/www.europesays.com\/se\/wp-json\/wp\/v2\/posts\/135282","targetHints":{"allow":["GET"]}}],"collection":[{"href":"https:\/\/www.europesays.com\/se\/wp-json\/wp\/v2\/posts"}],"about":[{"href":"https:\/\/www.europesays.com\/se\/wp-json\/wp\/v2\/types\/post"}],"author":[{"embeddable":true,"href":"https:\/\/www.europesays.com\/se\/wp-json\/wp\/v2\/users\/2"}],"replies":[{"embeddable":true,"href":"https:\/\/www.europesays.com\/se\/wp-json\/wp\/v2\/comments?post=135282"}],"version-history":[{"count":0,"href":"https:\/\/www.europesays.com\/se\/wp-json\/wp\/v2\/posts\/135282\/revisions"}],"wp:featuredmedia":[{"embeddable":true,"href":"https:\/\/www.europesays.com\/se\/wp-json\/wp\/v2\/media\/135283"}],"wp:attachment":[{"href":"https:\/\/www.europesays.com\/se\/wp-json\/wp\/v2\/media?parent=135282"}],"wp:term":[{"taxonomy":"category","embeddable":true,"href":"https:\/\/www.europesays.com\/se\/wp-json\/wp\/v2\/categories?post=135282"},{"taxonomy":"post_tag","embeddable":true,"href":"https:\/\/www.europesays.com\/se\/wp-json\/wp\/v2\/tags?post=135282"}],"curies":[{"name":"wp","href":"https:\/\/api.w.org\/{rel}","templated":true}]}}