{"id":135284,"date":"2026-01-14T08:18:21","date_gmt":"2026-01-14T08:18:21","guid":{"rendered":"https:\/\/www.europesays.com\/se\/135284\/"},"modified":"2026-01-14T08:18:21","modified_gmt":"2026-01-14T08:18:21","slug":"trump-tullar-mot-lander-som-handlar-med-iran","status":"publish","type":"post","link":"https:\/\/www.europesays.com\/se\/135284\/","title":{"rendered":"Trump: Tullar mot l\u00e4nder som handlar med Iran"},"content":{"rendered":"<p>P\u00e5 m\u00e5ndagskv\u00e4llen meddelade USA:s president Donald Trump att han inf\u00f6r tullar p\u00e5 25 procent mot alla l\u00e4nder som g\u00f6r aff\u00e4rer med Iran.<\/p>\n<p>Detta g\u00e4ller omedelbart, skriver han p\u00e5 Truth Social.<\/p>\n<p>Bakgrunden till strafftullarna \u00e4r de protester mot regimen som just nu p\u00e5g\u00e5r i Iran.<\/p>\n<p>Bland Irans st\u00f6rsta handelspartner finns Brasilien, Kina, Turkiet, F\u00f6renade Arabemiraten och Ryssland, enligt <a href=\"https:\/\/apnews.com\/article\/iran-protests-us-israel-war-nuclear-economy-53f2b79c8a0de827b1b8602ac9f0a57b\" id=\"link-73e98f6e9948c12af2f98146add92c9a\" rel=\"nofollow noopener\" target=\"_blank\">AP.<\/a><\/p>\n<p>Vita huset har avb\u00f6jt att ge ytterligare kommentarer om beskedet, enligt nyhetsbyr\u00e5n.<\/p>\n<p><img alt=\"Emilia S\u00f6derholm\" loading=\"lazy\" width=\"1080\" height=\"1080\" decoding=\"async\" data-nimg=\"1\" style=\"color:transparent;max-width:100%;width:100%\"   src=\"https:\/\/www.europesays.com\/se\/wp-content\/uploads\/2026\/01\/SQUARE.png\"\/><img alt=\"Hanna Karlsson\" loading=\"lazy\" width=\"1080\" height=\"1080\" decoding=\"async\" data-nimg=\"1\" style=\"color:transparent;max-width:100%;width:100%\"   src=\"https:\/\/www.europesays.com\/se\/wp-content\/uploads\/2026\/01\/1768378701_876_SQUARE.png\"\/><\/p>\n","protected":false},"excerpt":{"rendered":"P\u00e5 m\u00e5ndagskv\u00e4llen meddelade USA:s president Donald Trump att han inf\u00f6r tullar p\u00e5 25 procent mot alla l\u00e4nder som&hellip;\n","protected":false},"author":2,"featured_media":135285,"comment_status":"","ping_status":"","sticky":false,"template":"","format":"standard","meta":{"footnotes":""},"categories":[14],"tags":[22,23,26,27,17,21,24,25,28,29,15,16,18,34,31,33,32,30,19,20,51,52,53,54],"class_list":{"0":"post-135284","1":"post","2":"type-post","3":"status-publish","4":"format-standard","5":"has-post-thumbnail","7":"category-varlden","8":"tag-breaking-news","9":"tag-breakingnews","10":"tag-featured-news","11":"tag-featurednews","12":"tag-headlines","13":"tag-huvudnyheter","14":"tag-latest-news","15":"tag-latestnews","16":"tag-main-news","17":"tag-mainnews","18":"tag-news","19":"tag-nyheter","20":"tag-rubriker","21":"tag-se","22":"tag-svenska","23":"tag-sverige","24":"tag-sweden","25":"tag-swedish","26":"tag-top-stories","27":"tag-topstories","28":"tag-varlden","29":"tag-world","30":"tag-world-news","31":"tag-worldnews"},"share_on_mastodon":{"url":"https:\/\/pubeurope.com\/@se\/115892473377752870","error":""},"_links":{"self":[{"href":"https:\/\/www.europesays.com\/se\/wp-json\/wp\/v2\/posts\/135284","targetHints":{"allow":["GET"]}}],"collection":[{"href":"https:\/\/www.europesays.com\/se\/wp-json\/wp\/v2\/posts"}],"about":[{"href":"https:\/\/www.europesays.com\/se\/wp-json\/wp\/v2\/types\/post"}],"author":[{"embeddable":true,"href":"https:\/\/www.europesays.com\/se\/wp-json\/wp\/v2\/users\/2"}],"replies":[{"embeddable":true,"href":"https:\/\/www.europesays.com\/se\/wp-json\/wp\/v2\/comments?post=135284"}],"version-history":[{"count":0,"href":"https:\/\/www.europesays.com\/se\/wp-json\/wp\/v2\/posts\/135284\/revisions"}],"wp:featuredmedia":[{"embeddable":true,"href":"https:\/\/www.europesays.com\/se\/wp-json\/wp\/v2\/media\/135285"}],"wp:attachment":[{"href":"https:\/\/www.europesays.com\/se\/wp-json\/wp\/v2\/media?parent=135284"}],"wp:term":[{"taxonomy":"category","embeddable":true,"href":"https:\/\/www.europesays.com\/se\/wp-json\/wp\/v2\/categories?post=135284"},{"taxonomy":"post_tag","embeddable":true,"href":"https:\/\/www.europesays.com\/se\/wp-json\/wp\/v2\/tags?post=135284"}],"curies":[{"name":"wp","href":"https:\/\/api.w.org\/{rel}","templated":true}]}}