{"id":135303,"date":"2026-01-14T08:35:24","date_gmt":"2026-01-14T08:35:24","guid":{"rendered":"https:\/\/www.europesays.com\/se\/135303\/"},"modified":"2026-01-14T08:35:24","modified_gmt":"2026-01-14T08:35:24","slug":"jagare-friades-fran-vapenbrott-efter-misstag-av-aklagare","status":"publish","type":"post","link":"https:\/\/www.europesays.com\/se\/135303\/","title":{"rendered":"J\u00e4gare friades fr\u00e5n vapenbrott efter misstag av \u00e5klagare"},"content":{"rendered":"<p>            <img width=\"2048\" height=\"1365\" src=\"https:\/\/www.europesays.com\/se\/wp-content\/uploads\/2026\/01\/WOS5UE7YV2PT403.jpg\" class=\"attachment-full size-full\" alt=\"\" decoding=\"async\" fetchpriority=\"high\"  \/><\/p>\n<p id=\"caption-attachment-243664\" class=\"wp-caption-text\">J\u00e4garen gl\u00f6mde sitt vapen men friades i tingsr\u00e4tten fr\u00e5n brott mot f\u00f6rvaringsbest\u00e4mmelserna. Arkivbild. Foto: Hanna Sj\u00f6kvist<\/p>\n<p data-beyondwords-marker=\"ae6e9bd5-0263-418e-8861-ec7af0f9065c\">J\u00e4garen som i h\u00f6stas jagade utanf\u00f6r J\u00e4rnforsen\u00a0i Kalmar l\u00e4n gl\u00f6mde sitt vapen p\u00e5 en p-ficka. N\u00e4r han uppt\u00e4ckte sitt misstag och\u00a0senare\u00a0\u00e5terv\u00e4nde till platsen var det f\u00f6r sent. En privatperson hade hittat vapnet och l\u00e4mnat in det till polisen.<\/p>\n<p data-beyondwords-marker=\"8e2c7130-842d-4186-a647-4a71b8c21e93\">Han fick tillbaka sitt vapen men \u00e5talades i slutet av december f\u00f6r brott mot vapenlagen vid Kalmar tingsr\u00e4tt, d\u00e4r han frik\u00e4ndes.<\/p>\n<p data-beyondwords-marker=\"ab56397c-a23f-4991-b698-2f13d958c1c4\">Tingsr\u00e4tten\u00a0har inget att inv\u00e4nda mot sj\u00e4lva saken utan konstaterar att j\u00e4garen l\u00e4mnade sitt laddade vapen p\u00e5 parkeringsfickan n\u00e4r han begav sig fr\u00e5n platsen, och att det var borta n\u00e4r han \u00e5terv\u00e4nda 20 minuter senare.<\/p>\n<p data-beyondwords-marker=\"158c5725-0e4d-448e-847a-4b3b29f2e697\">Man skriver dock att det inte handlar om n\u00e5got missbruk g\u00e4llande handhavandet, vilket \u00e5klagaren h\u00e4vdade. Vapnet\u00a0l\u00e4mnades utan uppsikt\u00a0under jakt, och har inte anv\u00e4nts till annat \u00e4n det som\u00a0j\u00e4gare\u00a0\u00e4r ber\u00e4ttigat till\u00a0i vapentillst\u00e5ndet.<\/p>\n<p data-beyondwords-marker=\"c0fa9820-1532-43dd-b9f5-d1391b2ce337\">Domstolens\u00a0motivering inneh\u00e5ller en del juridiska\u00a0krumelurer, men sammanfattningsvis kommer man fram till att j\u00e4garen ska frik\u00e4nnas d\u00e5 de paragrafer i lagen som \u00e5klagaren h\u00e4nvisar till, inte \u00e4r till\u00e4mpliga i fallet.<\/p>\n<p data-beyondwords-marker=\"66a9186c-ef17-4b3a-a2a1-4ed17d2b2f56\">F\u00f6r att bli d\u00f6md f\u00f6r vapenbrott\u00a0avseende best\u00e4mmelserna om f\u00f6rvaring\u00a0i det h\u00e4r fallet, hade det kr\u00e4vts att vapnet innehas av exempelvis ett museum, ett bevakningsf\u00f6retag eller en vapenhandlare.\u00a0<\/p>\n<p data-beyondwords-marker=\"f28eab52-8149-40f0-a4ed-10ac3a6cf75c\">Tingsr\u00e4tten\u00a0frik\u00e4nner j\u00e4garen med motiveringen:<\/p>\n<p data-beyondwords-marker=\"cbfc61f3-20ea-41f8-b223-43c9916f91ef\">\u201dN\u00e5gon straffsanktionering f\u00f6r enskilda personer enligt f\u00f6rvaringsbest\u00e4mmelserna har d\u00e4rf\u00f6r inte skett.\u201d<\/p>\n<p>\nMissa ingenting \u2013 f\u00e5 Svensk Jakts nyheter i din mejlbox<br \/>\nNyhetsbrevet skickas ut varje vardag.<\/p>\n","protected":false},"excerpt":{"rendered":"J\u00e4garen gl\u00f6mde sitt vapen men friades i tingsr\u00e4tten fr\u00e5n brott mot f\u00f6rvaringsbest\u00e4mmelserna. Arkivbild. Foto: Hanna Sj\u00f6kvist J\u00e4garen som&hellip;\n","protected":false},"author":2,"featured_media":135304,"comment_status":"","ping_status":"","sticky":false,"template":"","format":"standard","meta":{"footnotes":""},"categories":[12],"tags":[22,23,26,27,17,21,24,25,28,29,15,16,18,34,31,33,32,30,19,20],"class_list":{"0":"post-135303","1":"post","2":"type-post","3":"status-publish","4":"format-standard","5":"has-post-thumbnail","7":"category-sverige","8":"tag-breaking-news","9":"tag-breakingnews","10":"tag-featured-news","11":"tag-featurednews","12":"tag-headlines","13":"tag-huvudnyheter","14":"tag-latest-news","15":"tag-latestnews","16":"tag-main-news","17":"tag-mainnews","18":"tag-news","19":"tag-nyheter","20":"tag-rubriker","21":"tag-se","22":"tag-svenska","23":"tag-sverige","24":"tag-sweden","25":"tag-swedish","26":"tag-top-stories","27":"tag-topstories"},"share_on_mastodon":{"url":"https:\/\/pubeurope.com\/@se\/115892540069596831","error":""},"_links":{"self":[{"href":"https:\/\/www.europesays.com\/se\/wp-json\/wp\/v2\/posts\/135303","targetHints":{"allow":["GET"]}}],"collection":[{"href":"https:\/\/www.europesays.com\/se\/wp-json\/wp\/v2\/posts"}],"about":[{"href":"https:\/\/www.europesays.com\/se\/wp-json\/wp\/v2\/types\/post"}],"author":[{"embeddable":true,"href":"https:\/\/www.europesays.com\/se\/wp-json\/wp\/v2\/users\/2"}],"replies":[{"embeddable":true,"href":"https:\/\/www.europesays.com\/se\/wp-json\/wp\/v2\/comments?post=135303"}],"version-history":[{"count":0,"href":"https:\/\/www.europesays.com\/se\/wp-json\/wp\/v2\/posts\/135303\/revisions"}],"wp:featuredmedia":[{"embeddable":true,"href":"https:\/\/www.europesays.com\/se\/wp-json\/wp\/v2\/media\/135304"}],"wp:attachment":[{"href":"https:\/\/www.europesays.com\/se\/wp-json\/wp\/v2\/media?parent=135303"}],"wp:term":[{"taxonomy":"category","embeddable":true,"href":"https:\/\/www.europesays.com\/se\/wp-json\/wp\/v2\/categories?post=135303"},{"taxonomy":"post_tag","embeddable":true,"href":"https:\/\/www.europesays.com\/se\/wp-json\/wp\/v2\/tags?post=135303"}],"curies":[{"name":"wp","href":"https:\/\/api.w.org\/{rel}","templated":true}]}}