{"id":135305,"date":"2026-01-14T08:38:07","date_gmt":"2026-01-14T08:38:07","guid":{"rendered":"https:\/\/www.europesays.com\/se\/135305\/"},"modified":"2026-01-14T08:38:07","modified_gmt":"2026-01-14T08:38:07","slug":"leo-carlsson-skadad-oron-vaxer-infor-os","status":"publish","type":"post","link":"https:\/\/www.europesays.com\/se\/135305\/","title":{"rendered":"Leo Carlsson skadad \u2013 oron v\u00e4xer inf\u00f6r OS"},"content":{"rendered":"<p>OS-uttagne ishockeyspelaren Leo Carlsson \u00e4r skadad och missade Anaheims NHL-m\u00f6te mot Dallas i natt, rapporterar Sportbladet. <\/p>\n<p>Det handlar om en underkroppsskada f\u00f6r stj\u00e4rncentern och l\u00e4get beskrivs som \u201dday-to-day\u201d. <\/p>\n<p>Listan p\u00e5 skadade Tre Kronor-spelare b\u00f6rjar d\u00e4rmed bli l\u00e5ng, med bara fyra veckor till OS-premi\u00e4ren mot Italien i Milano. I tisdags kom beskedet att backen Erik Karlsson blir borta i minst tv\u00e5 veckor. Sedan tidigare \u00e4r Gabriel Landeskog, Victor Hedman, Joel Eriksson Ek och Philip Broberg inte i spel. <\/p>\n<p>Omni \u00e4r politiskt obundna och oberoende. Vi str\u00e4var efter att ge fler perspektiv p\u00e5 nyheterna. Har du fr\u00e5gor eller synpunkter kring v\u00e5r rapportering? <a href=\"https:\/\/omni.se\/leo-carlsson-skadad-oron-vaxer-infor-os\/a\/mailto:redaktion@omni.se\" class=\"ArticleActions_contactLink__W2F1M\" rel=\"nofollow noopener\" target=\"_blank\">Kontakta redaktionen<\/a><\/p>\n","protected":false},"excerpt":{"rendered":"OS-uttagne ishockeyspelaren Leo Carlsson \u00e4r skadad och missade Anaheims NHL-m\u00f6te mot Dallas i natt, rapporterar Sportbladet. Det handlar&hellip;\n","protected":false},"author":2,"featured_media":135306,"comment_status":"","ping_status":"","sticky":false,"template":"","format":"standard","meta":{"footnotes":""},"categories":[68],"tags":[1472,6334,34,111,110,31,33,32,30,5277,5094],"class_list":{"0":"post-135305","1":"post","2":"type-post","3":"status-publish","4":"format-standard","5":"has-post-thumbnail","7":"category-sport","8":"tag-ishockey","9":"tag-leo-carlsson","10":"tag-se","11":"tag-sport","12":"tag-sports","13":"tag-svenska","14":"tag-sverige","15":"tag-sweden","16":"tag-swedish","17":"tag-tre-kronor","18":"tag-vinter-os"},"share_on_mastodon":{"url":"https:\/\/pubeurope.com\/@se\/115892551821699809","error":""},"_links":{"self":[{"href":"https:\/\/www.europesays.com\/se\/wp-json\/wp\/v2\/posts\/135305","targetHints":{"allow":["GET"]}}],"collection":[{"href":"https:\/\/www.europesays.com\/se\/wp-json\/wp\/v2\/posts"}],"about":[{"href":"https:\/\/www.europesays.com\/se\/wp-json\/wp\/v2\/types\/post"}],"author":[{"embeddable":true,"href":"https:\/\/www.europesays.com\/se\/wp-json\/wp\/v2\/users\/2"}],"replies":[{"embeddable":true,"href":"https:\/\/www.europesays.com\/se\/wp-json\/wp\/v2\/comments?post=135305"}],"version-history":[{"count":0,"href":"https:\/\/www.europesays.com\/se\/wp-json\/wp\/v2\/posts\/135305\/revisions"}],"wp:featuredmedia":[{"embeddable":true,"href":"https:\/\/www.europesays.com\/se\/wp-json\/wp\/v2\/media\/135306"}],"wp:attachment":[{"href":"https:\/\/www.europesays.com\/se\/wp-json\/wp\/v2\/media?parent=135305"}],"wp:term":[{"taxonomy":"category","embeddable":true,"href":"https:\/\/www.europesays.com\/se\/wp-json\/wp\/v2\/categories?post=135305"},{"taxonomy":"post_tag","embeddable":true,"href":"https:\/\/www.europesays.com\/se\/wp-json\/wp\/v2\/tags?post=135305"}],"curies":[{"name":"wp","href":"https:\/\/api.w.org\/{rel}","templated":true}]}}