{"id":135309,"date":"2026-01-14T08:43:07","date_gmt":"2026-01-14T08:43:07","guid":{"rendered":"https:\/\/www.europesays.com\/se\/135309\/"},"modified":"2026-01-14T08:43:07","modified_gmt":"2026-01-14T08:43:07","slug":"stang-dorren-for-kriminella-i-valfarden","status":"publish","type":"post","link":"https:\/\/www.europesays.com\/se\/135309\/","title":{"rendered":"St\u00e4ng d\u00f6rren f\u00f6r kriminella i v\u00e4lf\u00e4rden"},"content":{"rendered":"<p>Kriminaliteten har blivit en av v\u00e5r tids st\u00f6rsta samh\u00e4llsfr\u00e5gor. Organiserad brottslighet och g\u00e4ng uts\u00e4tter samh\u00e4llet f\u00f6r brutalt v\u00e5ld och andra brott som skadar b\u00e5de privatpersoner och f\u00f6retag. Ytterst \u00e4r utvecklingen systemhotande. En sektor d\u00e4r kriminaliteten ocks\u00e5 har v\u00e4xt \u00e4r v\u00e4lf\u00e4rden. Ofta beskylls f\u00f6rekomsten av privata akt\u00f6rer f\u00f6r detta och en utpekad l\u00f6sning \u00e4r att ta tillbaka v\u00e4lf\u00e4rden i egen regi. Men hur ser utvecklingen av v\u00e4lf\u00e4rdsbrottslighet ut och vilken \u00e4r f\u00f6retagens roll i detta?<\/p>\n<p>\u00c4r det rimligt att ett allm\u00e4nt samh\u00e4llsfenomen l\u00e4ggs f\u00f6retag till last? Vad g\u00f6r de privata akt\u00f6rerna redan och vad skulle de kunna g\u00f6ra mer? Och vad kr\u00e4vs f\u00f6r nya offentliga regel\u00e4ndringar f\u00f6r att st\u00e4vja v\u00e4lf\u00e4rdskriminalitet?<\/p>\n<p>Denna rapport syftar till att belysa v\u00e4lf\u00e4rdsbrottens komplexitet, tydligg\u00f6ra kriminalitetens orsaker, visa p\u00e5 konkreta mot\u00e5tg\u00e4rder och lyfta fram v\u00e4lf\u00e4rdsf\u00f6retagens och n\u00e4ringslivets viktiga roll f\u00f6r att f\u00e5 bukt med problemen. Rapporten syftar ocks\u00e5 till att ge konkret st\u00f6d till f\u00f6retagens eget brottsf\u00f6rebyggande arbete.<\/p>\n<p>S\u00e5v\u00e4l v\u00e4lf\u00e4rdsmarknaderna som socialf\u00f6rs\u00e4kringssystemet bygger p\u00e5 ett trepartsf\u00f6rh\u00e5llande d\u00e4r individen, myndigheter och finansi\u00e4rer f\u00f6ruts\u00e4tts vara \u00f6verens och agera enligt gemensamma v\u00e4rderingar och regler. Detta skiljer sig fr\u00e5n vanliga marknader och \u00e4r grunden f\u00f6r de tillitsbaserade v\u00e4lf\u00e4rdssystemen. N\u00e4r detta trepartsf\u00f6rh\u00e5llande inte fungerar p\u00e5 grund av kriminalitet hos n\u00e5gon av de ing\u00e5ende parterna h\u00f6js ofta r\u00f6ster f\u00f6r att ta hem verksamheter i egen regi, f\u00e5 bort privata utf\u00f6rare och begr\u00e4nsa individens valm\u00f6jligheter. En b\u00e4rande tanke i denna rapport \u00e4r att detta \u00e4r en \u00e5ter-v\u00e4ndsgr\u00e4nd. Det \u00e4r ist\u00e4llet effektivare regelsystem, b\u00e4ttre tillsyn, \u00f6kad transparens och samverkan mellan n\u00e4ringsliv och offentliga akt\u00f6rer som \u00e4r v\u00e4gen fram\u00e5t.<\/p>\n","protected":false},"excerpt":{"rendered":"Kriminaliteten har blivit en av v\u00e5r tids st\u00f6rsta samh\u00e4llsfr\u00e5gor. Organiserad brottslighet och g\u00e4ng uts\u00e4tter samh\u00e4llet f\u00f6r brutalt v\u00e5ld&hellip;\n","protected":false},"author":2,"featured_media":57788,"comment_status":"","ping_status":"","sticky":false,"template":"","format":"standard","meta":{"footnotes":""},"categories":[12],"tags":[22,23,26,27,17,21,24,25,28,29,15,16,18,34,31,33,32,30,19,20],"class_list":{"0":"post-135309","1":"post","2":"type-post","3":"status-publish","4":"format-standard","5":"has-post-thumbnail","7":"category-sverige","8":"tag-breaking-news","9":"tag-breakingnews","10":"tag-featured-news","11":"tag-featurednews","12":"tag-headlines","13":"tag-huvudnyheter","14":"tag-latest-news","15":"tag-latestnews","16":"tag-main-news","17":"tag-mainnews","18":"tag-news","19":"tag-nyheter","20":"tag-rubriker","21":"tag-se","22":"tag-svenska","23":"tag-sverige","24":"tag-sweden","25":"tag-swedish","26":"tag-top-stories","27":"tag-topstories"},"share_on_mastodon":{"url":"https:\/\/pubeurope.com\/@se\/115892571519628038","error":""},"_links":{"self":[{"href":"https:\/\/www.europesays.com\/se\/wp-json\/wp\/v2\/posts\/135309","targetHints":{"allow":["GET"]}}],"collection":[{"href":"https:\/\/www.europesays.com\/se\/wp-json\/wp\/v2\/posts"}],"about":[{"href":"https:\/\/www.europesays.com\/se\/wp-json\/wp\/v2\/types\/post"}],"author":[{"embeddable":true,"href":"https:\/\/www.europesays.com\/se\/wp-json\/wp\/v2\/users\/2"}],"replies":[{"embeddable":true,"href":"https:\/\/www.europesays.com\/se\/wp-json\/wp\/v2\/comments?post=135309"}],"version-history":[{"count":0,"href":"https:\/\/www.europesays.com\/se\/wp-json\/wp\/v2\/posts\/135309\/revisions"}],"wp:featuredmedia":[{"embeddable":true,"href":"https:\/\/www.europesays.com\/se\/wp-json\/wp\/v2\/media\/57788"}],"wp:attachment":[{"href":"https:\/\/www.europesays.com\/se\/wp-json\/wp\/v2\/media?parent=135309"}],"wp:term":[{"taxonomy":"category","embeddable":true,"href":"https:\/\/www.europesays.com\/se\/wp-json\/wp\/v2\/categories?post=135309"},{"taxonomy":"post_tag","embeddable":true,"href":"https:\/\/www.europesays.com\/se\/wp-json\/wp\/v2\/tags?post=135309"}],"curies":[{"name":"wp","href":"https:\/\/api.w.org\/{rel}","templated":true}]}}