{"id":135317,"date":"2026-01-14T08:51:13","date_gmt":"2026-01-14T08:51:13","guid":{"rendered":"https:\/\/www.europesays.com\/se\/135317\/"},"modified":"2026-01-14T08:51:13","modified_gmt":"2026-01-14T08:51:13","slug":"va-branschens-nya-forsknings-och-innovationsagenda-for-2026-2032","status":"publish","type":"post","link":"https:\/\/www.europesays.com\/se\/135317\/","title":{"rendered":"VA-branschens nya forsknings- och innovationsagenda f\u00f6r 2026\u20132032"},"content":{"rendered":"<p>FoI inom vattenomr\u00e5det \u00e4r avg\u00f6rande f\u00f6r att VA-branschen ska kunna hantera allt det som p\u00e5verkar m\u00f6jligheten att leverera vattentj\u00e4nster: klimatf\u00f6r\u00e4ndringar, nya regelverk, investeringsskulden, demografiska f\u00f6r\u00e4ndringar och andra samh\u00e4llsf\u00f6r\u00e4ndringar som \u00f6kade beredskapskrav. En gemensam riktning \u00f6kar m\u00f6jligheterna att adressera utmaningarna tillsammans.<\/p>\n<p>\u2013 FoI-agendan \u00e4r den f\u00f6rsta i sitt slag och ger hela branschen en gemensam riktning f\u00f6r v\u00e5rt utvecklings- och innovationsarbete, s\u00e4ger P\u00e4r Dalhielm, vd Svenskt Vatten. Tidpunkten \u00e4r v\u00e4lvald. VA-branschen st\u00e5r inf\u00f6r v\u00e5r tids st\u00f6rsta strukturomvandling, d\u00e4r nya arbetss\u00e4tt, kunskap och l\u00f6sningar \u00e4r nyckeln till en effektiv och h\u00e5llbar omst\u00e4llningen.<\/p>\n<p>Naturv\u00e5rdsverket har uppm\u00e4rksammat agendan och har f\u00f6ljande kommentar:<\/p>\n<p>\u2013 Vatten \u00e4r grundl\u00e4ggande f\u00f6r allt liv \u2013 forskning och innovation inom vattenomr\u00e5det \u00e4r nyckeln till att m\u00f6ta v\u00e5ra stora utmaningar, s\u00e4ger Johan Kuylenstierna, generaldirekt\u00f6r p\u00e5 Naturv\u00e5rdsverket.<\/p>\n<p>Ers\u00e4tter tidigare prioriterade omr\u00e5den<\/p>\n<p>Agendan utg\u00e5r fr\u00e5n Svenskt Vattens medlemmars behov och riktar sig till beslutsfattare p\u00e5 alla niv\u00e5er \u2013 fr\u00e5n operativa team till kommunpolitiker, nationella myndigheter och n\u00e4ringslivet. Den ska fungera som ett verktyg f\u00f6r att samordna resurser och fokusera insatser mot gemensamma m\u00e5l.<\/p>\n<p>Agendan, som ers\u00e4tter de tidigare prioriterade omr\u00e5dena f\u00f6r <a href=\"https:\/\/www.svensktvatten.se\/forskning\/forskningsprojekt\/sok-projektmedel\/\" rel=\"nofollow noopener\" target=\"_blank\">SVU:s \u00f6ppna utlysning<\/a>, har tagits fram i n\u00e4ra samarbete med Svenskt Vattens medlemmar i SVU-kommitt\u00e9n och har \u00e4ven varit ute p\u00e5 en \u00f6ppen remissrunda. Den identifierar prioriterade utmaningar utifr\u00e5n VA-organisationernas f\u00f6rm\u00e5ga att leverera vattentj\u00e4nster i dag och i framtiden och hj\u00e4lper till att rikta resurser dit de g\u00f6r st\u00f6rst nytta. F\u00f6r den interna f\u00f6rankringen anger agendan ocks\u00e5 hur innovationsarbetet kan st\u00e4rkas och listar argument f\u00f6r varf\u00f6r innovationsarbetet b\u00f6r prioriteras inom verksamheternas l\u00f6pande arbete. P\u00e5 s\u00e5 vis kan branschens f\u00f6rm\u00e5ga att m\u00f6ta framtida krav utvecklas. F\u00f6rhoppningen \u00e4r att medlemmar, beslutsfattare och andra akt\u00f6rer ska inspireras av och anv\u00e4nda agendan.<\/p>\n<p>Du hittar den <a href=\"https:\/\/www.svensktvatten.se\/forskning\/forskning-och-utveckling\/va-branschens-foi-agenda\/\" rel=\"nofollow noopener\" target=\"_blank\">nya FoI-agendan i sin helhet h\u00e4r<\/a>.<\/p>\n","protected":false},"excerpt":{"rendered":"FoI inom vattenomr\u00e5det \u00e4r avg\u00f6rande f\u00f6r att VA-branschen ska kunna hantera allt det som p\u00e5verkar m\u00f6jligheten att leverera&hellip;\n","protected":false},"author":2,"featured_media":135318,"comment_status":"","ping_status":"","sticky":false,"template":"","format":"standard","meta":{"footnotes":""},"categories":[12],"tags":[22,23,26,27,17,21,24,25,28,29,15,16,18,34,31,33,32,30,19,20],"class_list":{"0":"post-135317","1":"post","2":"type-post","3":"status-publish","4":"format-standard","5":"has-post-thumbnail","7":"category-sverige","8":"tag-breaking-news","9":"tag-breakingnews","10":"tag-featured-news","11":"tag-featurednews","12":"tag-headlines","13":"tag-huvudnyheter","14":"tag-latest-news","15":"tag-latestnews","16":"tag-main-news","17":"tag-mainnews","18":"tag-news","19":"tag-nyheter","20":"tag-rubriker","21":"tag-se","22":"tag-svenska","23":"tag-sverige","24":"tag-sweden","25":"tag-swedish","26":"tag-top-stories","27":"tag-topstories"},"share_on_mastodon":{"url":"https:\/\/pubeurope.com\/@se\/115892603091435925","error":""},"_links":{"self":[{"href":"https:\/\/www.europesays.com\/se\/wp-json\/wp\/v2\/posts\/135317","targetHints":{"allow":["GET"]}}],"collection":[{"href":"https:\/\/www.europesays.com\/se\/wp-json\/wp\/v2\/posts"}],"about":[{"href":"https:\/\/www.europesays.com\/se\/wp-json\/wp\/v2\/types\/post"}],"author":[{"embeddable":true,"href":"https:\/\/www.europesays.com\/se\/wp-json\/wp\/v2\/users\/2"}],"replies":[{"embeddable":true,"href":"https:\/\/www.europesays.com\/se\/wp-json\/wp\/v2\/comments?post=135317"}],"version-history":[{"count":0,"href":"https:\/\/www.europesays.com\/se\/wp-json\/wp\/v2\/posts\/135317\/revisions"}],"wp:featuredmedia":[{"embeddable":true,"href":"https:\/\/www.europesays.com\/se\/wp-json\/wp\/v2\/media\/135318"}],"wp:attachment":[{"href":"https:\/\/www.europesays.com\/se\/wp-json\/wp\/v2\/media?parent=135317"}],"wp:term":[{"taxonomy":"category","embeddable":true,"href":"https:\/\/www.europesays.com\/se\/wp-json\/wp\/v2\/categories?post=135317"},{"taxonomy":"post_tag","embeddable":true,"href":"https:\/\/www.europesays.com\/se\/wp-json\/wp\/v2\/tags?post=135317"}],"curies":[{"name":"wp","href":"https:\/\/api.w.org\/{rel}","templated":true}]}}