{"id":135336,"date":"2026-01-14T09:07:07","date_gmt":"2026-01-14T09:07:07","guid":{"rendered":"https:\/\/www.europesays.com\/se\/135336\/"},"modified":"2026-01-14T09:07:07","modified_gmt":"2026-01-14T09:07:07","slug":"uppdrag-till-statens-jordbruksverk-att-till-europeiska-kommissionen-overlamna-en-begaran-om-andring-av-sveriges-strategiska-plan-for-den-gemensamma-jordbrukspolitiken-2023-2027","status":"publish","type":"post","link":"https:\/\/www.europesays.com\/se\/135336\/","title":{"rendered":"Uppdrag till Statens jordbruksverk att till Europeiska kommissionen \u00f6verl\u00e4mna en beg\u00e4ran om \u00e4ndring av Sveriges strategiska plan f\u00f6r den gemensamma jordbrukspolitiken 2023\u20132027"},"content":{"rendered":"<p>Jordbruksverket ska d\u00e4rut\u00f6ver l\u00e4mna f\u00f6rslag till, och vidta n\u00f6dv\u00e4ndiga f\u00f6rberedelser f\u00f6r, att till 2027 g\u00f6ra det m\u00f6jligt att ans\u00f6ka om ers\u00e4ttning avseende de tv\u00e5 olika delarna i djurv\u00e4lf\u00e4rdsers\u00e4ttningen, betesst\u00f6d respektive\u00a0st\u00f6d f\u00f6r kl\u00f6vh\u00e4lsa f\u00f6r mj\u00f6lkkor separat.<\/p>\n<p>\u00c4ndringarna syftar till att f\u00f6rb\u00e4ttra genomf\u00f6randet av den gemensamma\u00a0jordbrukspolitiken i Sverige, och d\u00e4rigenom bidra till att livsmedelsstrategins\u00a0m\u00e5l n\u00e5s (prop. 2026\/17:104, bet. 2016\/17: MJU23, rskr. 2016\/17:338).<\/p>\n<p>Jordbruksverket ska senast den 1 april 2026 redovisa uppdraget i den del det\u00a0r\u00f6r separata ans\u00f6kningar avseende djurv\u00e4lf\u00e4rdsers\u00e4ttningen f\u00f6r mj\u00f6lkkor till\u00a0Regeringskansliet (Landsbygd- och infrastrukturdepartementet).<\/p>\n","protected":false},"excerpt":{"rendered":"Jordbruksverket ska d\u00e4rut\u00f6ver l\u00e4mna f\u00f6rslag till, och vidta n\u00f6dv\u00e4ndiga f\u00f6rberedelser f\u00f6r, att till 2027 g\u00f6ra det m\u00f6jligt att&hellip;\n","protected":false},"author":2,"featured_media":134209,"comment_status":"","ping_status":"","sticky":false,"template":"","format":"standard","meta":{"footnotes":""},"categories":[12],"tags":[22,23,26,27,17,21,24,25,28,29,15,16,18,34,31,33,32,30,19,20],"class_list":{"0":"post-135336","1":"post","2":"type-post","3":"status-publish","4":"format-standard","5":"has-post-thumbnail","7":"category-sverige","8":"tag-breaking-news","9":"tag-breakingnews","10":"tag-featured-news","11":"tag-featurednews","12":"tag-headlines","13":"tag-huvudnyheter","14":"tag-latest-news","15":"tag-latestnews","16":"tag-main-news","17":"tag-mainnews","18":"tag-news","19":"tag-nyheter","20":"tag-rubriker","21":"tag-se","22":"tag-svenska","23":"tag-sverige","24":"tag-sweden","25":"tag-swedish","26":"tag-top-stories","27":"tag-topstories"},"share_on_mastodon":{"url":"https:\/\/pubeurope.com\/@se\/115892666048480292","error":""},"_links":{"self":[{"href":"https:\/\/www.europesays.com\/se\/wp-json\/wp\/v2\/posts\/135336","targetHints":{"allow":["GET"]}}],"collection":[{"href":"https:\/\/www.europesays.com\/se\/wp-json\/wp\/v2\/posts"}],"about":[{"href":"https:\/\/www.europesays.com\/se\/wp-json\/wp\/v2\/types\/post"}],"author":[{"embeddable":true,"href":"https:\/\/www.europesays.com\/se\/wp-json\/wp\/v2\/users\/2"}],"replies":[{"embeddable":true,"href":"https:\/\/www.europesays.com\/se\/wp-json\/wp\/v2\/comments?post=135336"}],"version-history":[{"count":0,"href":"https:\/\/www.europesays.com\/se\/wp-json\/wp\/v2\/posts\/135336\/revisions"}],"wp:featuredmedia":[{"embeddable":true,"href":"https:\/\/www.europesays.com\/se\/wp-json\/wp\/v2\/media\/134209"}],"wp:attachment":[{"href":"https:\/\/www.europesays.com\/se\/wp-json\/wp\/v2\/media?parent=135336"}],"wp:term":[{"taxonomy":"category","embeddable":true,"href":"https:\/\/www.europesays.com\/se\/wp-json\/wp\/v2\/categories?post=135336"},{"taxonomy":"post_tag","embeddable":true,"href":"https:\/\/www.europesays.com\/se\/wp-json\/wp\/v2\/tags?post=135336"}],"curies":[{"name":"wp","href":"https:\/\/api.w.org\/{rel}","templated":true}]}}