{"id":135343,"date":"2026-01-14T09:13:08","date_gmt":"2026-01-14T09:13:08","guid":{"rendered":"https:\/\/www.europesays.com\/se\/135343\/"},"modified":"2026-01-14T09:13:08","modified_gmt":"2026-01-14T09:13:08","slug":"sa-kan-smaskalig-vattenkraft-fa-nya-intakter-och-starka-elnatet","status":"publish","type":"post","link":"https:\/\/www.europesays.com\/se\/135343\/","title":{"rendered":"S\u00e5 kan sm\u00e5skalig vattenkraft f\u00e5 nya int\u00e4kter och st\u00e4rka eln\u00e4tet"},"content":{"rendered":"<p class=\"anfang anfang--orange\">De senaste \u00e5ren har m\u00e5nga akt\u00f6rer gett sig in p\u00e5 Svenska kraftn\u00e4ts st\u00f6dtj\u00e4nstmarknader f\u00f6r att tj\u00e4na pengar p\u00e5 att hj\u00e4lpa till att balansera det alltmer volatila elsystemet och se till att frekvensen h\u00e5lls p\u00e5 50 Hz. Det handlar till exempel om vindkraft och batterilager.<\/p>\n<p>Sm\u00e5skalig vattenkraft har dock, med f\u00e5 undantag, inte medverkat p\u00e5 st\u00f6dtj\u00e4nstmarknaderna trots att dessa anses spela en viktig roll f\u00f6r att m\u00f6ta effekt- och reglerbehovet i s\u00f6dra Sverige. Men nu har Nybro Energi tagit steget f\u00f6r att hj\u00e4lpa sm\u00e5skaliga vattenkraftverk \u2013 inte\u00a0bara lokalt utan alla verk i SE3 och SE4 \u2013 ut p\u00e5 frekvensmarknaden, mFRR.<\/p>\n<p>\u2013 V\u00e5r vision \u00e4r att utveckla oss sj\u00e4lva, skapa b\u00e4ttre f\u00f6ruts\u00e4ttningar f\u00f6r sm\u00e5skalig vattenkraft och bidra till ett mer h\u00e5llbart elsystem, s\u00e4ger Magnus Jonsson, vd p\u00e5 Nybro Energi, n\u00e4r han m\u00f6ter upp vid H\u00f6gestr\u00f6ms kraftstation vid Alster\u00e5n i syd\u00f6stra Sm\u00e5land.<\/p>\n<p><strong>Fj\u00e4rrstyrning av kraftstationen<br \/><\/strong>Samtidigt som elmont\u00f6ren Joacim Erlandsson vid Nybro Energi f\u00f6rbereder montering av den kommunikationsmodul som kommer m\u00f6jligg\u00f6ra fj\u00e4rrstyrning av kraftstationen har Magnus Jonsson och tre medarbetare fr\u00e5n Nybro Energi samlats utanf\u00f6r kraftstationens entr\u00e9 f\u00f6r att tillsammans med kraftverks\u00e4garen Magnus Edvinsson ber\u00e4tta om satsningen.<\/p>\n<p>Flera faktorer ligger bakom att just Nybro Energi har tagit detta steg.<\/p>\n<p>\u2013 De sm\u00e5skaliga vattenkraftverken runt Alster\u00e5n, som en g\u00e5ng i tiden byggdes som kvarnar, s\u00e5gverk och f\u00f6r att f\u00f6rse n\u00e4rliggande bost\u00e4der med el, har varit en naturlig del av Nybro Energi sedan verken ansl\u00f6ts till v\u00e5rt eln\u00e4t under 1970-talet. Vi har l\u00e4nge haft en god dialog med kraftverks\u00e4garna och deras intressef\u00f6rening Alster\u00e5ns kraftverksf\u00f6rening, s\u00e4ger Magnus Jonsson.<\/p>\n<p>En annan viktig faktor \u00e4r Magnus Jonssons egen bakgrund. Under 14 \u00e5r var han vd f\u00f6r \u00c5lem Energi, som driver tv\u00e5 vattenkraftverk i Alster\u00e5n och ett i Em\u00e5n, d\u00e4r han samlade p\u00e5 sig kunskap om den sm\u00e5skaliga vattenkraftens utmaningar och f\u00f6ruts\u00e4ttningar. Som \u00c5lem Energis representant i Alster\u00e5ns kraftverks\u00adf\u00f6rening, som ansvarar f\u00f6r \u00e5ns vattenreglering, l\u00e4rde han k\u00e4nna ordf\u00f6randen Magnus Edvinsson och \u00f6vriga kraftverks\u00e4gare.<\/p>\n<blockquote class=\"quote\"><p>Som energibolag kan du inte sitta still och vara n\u00f6jd med det du har utan du beh\u00f6ver hela tiden ligga i framkant och utvecklas.<\/p><\/blockquote>\n<p><img decoding=\"async\" loading=\"lazy\" class=\"alt-as-caption alt-as-caption--black js-alt-as-caption wide-img\" src=\"https:\/\/www.europesays.com\/se\/wp-content\/uploads\/2026\/01\/forsa_5.jpg\" alt=\"Magnus Edvinsson visar upp den gamla Francis-turbinen, som var i drift vid H\u00f6gestr\u00f6ms kraftstation fr\u00e5n slutet av 1940-talet till 2012.\" width=\"1200\" height=\"814\"\/><\/p>\n<p>2020 gick Magnus Jonsson vidare till Nybro Energi\u00a0som tre \u00e5r senare investerade i ett batterilager (17\u00a0MW\/ 17\u00a0MWh) och tog steget ut p\u00e5 st\u00f6dtj\u00e4nstmarknaderna. D\u00e4refter har Nybro Energi \u00e4ven inlett ett l\u00e5ngsiktigt samarbete med Arla Kalmar d\u00e4r Arlas elpannor har kopplats upp mot st\u00f6dtj\u00e4nstmarknaderna och regleras i takt med eln\u00e4tets behov.<\/p>\n<p><img decoding=\"async\" loading=\"lazy\" class=\"alt-as-caption alt-as-caption--black js-alt-as-caption img-right\" src=\"https:\/\/www.europesays.com\/se\/wp-content\/uploads\/2026\/01\/forsa_4.jpg\" alt=\"Sofia Nyberg, aff\u00e4rsutvecklare, Nybro Energi.\" width=\"170\" height=\"245\"\/><\/p>\n<p>\u2013 Genom dessa satsningar har hela v\u00e5r organisation byggt upp kunskap om hur marknaden fungerar och hur vi kan bidra till att den utvecklas, och det \u00e4r den kunskapen som nu g\u00f6r att vi v\u00e5gar ta det h\u00e4r steget, f\u00f6rklarar aff\u00e4rsutvecklare Sofia Nyberg som tillsammans med f\u00f6rs\u00e4ljnings- och marknadschef Kristoffer Blomberg ser stora m\u00f6jligheter med f\u00f6retagets nya \u00e5tagande p\u00e5 st\u00f6dtj\u00e4nstmarknaderna.<\/p>\n<p>\u2013 Samtidigt som vi bidrar till frekvensbalansering st\u00e4rker vi elsystemets resiliens och skapar nya int\u00e4ktsm\u00f6jligheter f\u00f6r oss sj\u00e4lva och framf\u00f6r allt Sveriges sm\u00e5skaliga vattenkraftverk. Vi ser en stor potential i detta projekt, s\u00e4ger Kristoffer Blomberg.<\/p>\n<p><strong>Gett en ny framtidstro<br \/><\/strong>F\u00f6r en sm\u00e5skalig kraftverks\u00e4gare som Magnus Edvinsson \u2013 som genom sitt intresse f\u00f6r vattenkraft k\u00f6pte H\u00f6gestr\u00f6ms kraftstation tillsammans med sin far f\u00f6r 26 \u00e5r sedan och driver ytterligare en kraftstation uppstr\u00f6ms \u2013 har det nya samarbetet med Nybro Energi gett ny framtidstro.<\/p>\n<p>\u2013 I flera \u00e5r har vi sm\u00e5skaliga kraftverks\u00e4gare, d\u00e4r m\u00e5nga precis som jag \u00e4r vanliga privatpersoner utan st\u00f6rre resurser, varit h\u00e5rt ansatta av svenska myndig\u00adheter. Vi kr\u00e4vs st\u00e4ndigt p\u00e5 olika \u00e5tg\u00e4rder d\u00e4r kostnaderna \u00f6verskrider v\u00e5ra int\u00e4kter, s\u00e4ger Magnus Edvinsson som driver sina kraftstationer vid sidan av sitt arbete som ingenj\u00f6r inom el- och kraftteknikbranschen.<\/p>\n<p>\u2013 Ompr\u00f6vningen av vattenkraftverkens milj\u00f6villkor, som till\u00e4mpas olika av Sveriges l\u00e4nsstyrelser, har de senaste \u00e5ren legat som en v\u00e5t filt \u00f6ver v\u00e5ra axlar. Det nya samarbetet med Nybro Energi ger f\u00f6rnyad kraft och \u00e4ntligen lite tro p\u00e5 en ljusare framtid.<\/p>\n<p><img decoding=\"async\" loading=\"lazy\" class=\"wide-img alt-as-caption alt-as-caption--black js-alt-as-caption\" src=\"https:\/\/www.europesays.com\/se\/wp-content\/uploads\/2026\/01\/forsa_3.jpg\" alt=\"Som energibolag kan du inte sitta still och vara n\u00f6jd med det du har, anser Nybro Energis aff\u00e4rsutvecklare Sofia Nyberg och vd Magnus Jonsson.\" width=\"1200\" height=\"800\"\/><\/p>\n<p>I det svenska kraftsystemet \u00e4r det enbart s\u00e5 kallade BSP-akt\u00f6rer (leverant\u00f6r av balanstj\u00e4nster) som kan teckna avtal med Svenska kraft\u00adn\u00e4t och l\u00e4gga bud p\u00e5 de olika st\u00f6dtj\u00e4nstmarknaderna, vilket inneb\u00e4r att privatpersoner som Magnus Edvinsson inte sj\u00e4lv kan leverera st\u00f6dtj\u00e4nster direkt till Svenska kraftn\u00e4t. <\/p>\n<p>BSP-akt\u00f6rerna ing\u00e5r avtal med under\u00adleverant\u00f6rer och s\u00e5 kallade aggregatorer, som samlar flera resurser f\u00f6r att tillsammans kunna leverera st\u00f6dtj\u00e4nster.<\/p>\n<p>Nybro Energi tar nu, genom samarbetet med Magnus Edvinsson och andra mindre elproducenter, rollen som aggregator med J\u00e4mtkraft som BSP-akt\u00f6r.<\/p>\n<p>\u2013 F\u00f6r ett mindre bolag som Nybro Energi \u00e4r det ett stort \u00e5tagande att bli en aggregator, men jag tror att det \u00e4r dit vi m\u00e5ste komma i framtidens energisystem. Som energibolag kan du inte sitta still och vara n\u00f6jd med det du har utan du beh\u00f6ver hela tiden ligga i framkant och utvecklas, anser Sofia Nyberg.<\/p>\n<p>\u2013 H\u00e4r i s\u00f6dra Sverige \u00e4r det extra viktigt att vi tar vara p\u00e5 den elproduktion vi har och optimerar den.<\/p>\n<p><img decoding=\"async\" loading=\"lazy\" class=\"alt-as-caption alt-as-caption--black js-alt-as-caption\" src=\"https:\/\/www.europesays.com\/se\/wp-content\/uploads\/2026\/01\/forsa_2.jpg\" alt=\"Nybro Energis elmont\u00f6r Joacim Erlandsson installerar den kommunikationsmodul som ska anv\u00e4ndas f\u00f6r fj\u00e4rrstyrning och \u00f6vervakning av anl\u00e4ggningen.\" width=\"426\" height=\"418\"\/><\/p>\n<blockquote class=\"quote\"><p>F\u00f6r \u00e4garna inneb\u00e4r det en liten omst\u00e4llning i tankes\u00e4tt, dels att l\u00e4mna \u00f6ver styrningen till oss och dels att g\u00e5 fr\u00e5n att r\u00e4kna antal producerade kilowattimmar till att nu r\u00e4kna kronor.<\/p><\/blockquote>\n<p>Inne i kraftstationen, d\u00e4r Magnus Edvinsson har inves\u00adterat totalt sex miljoner kronor i bland annat en ny kaplanturbin, s\u00e4tter elmont\u00f6r Joacim Erlandsson upp tekniksk\u00e5pet med Nybro Energis nya kommunikationsmodul som ska anv\u00e4ndas f\u00f6r fj\u00e4rrstyrning och \u00f6vervakning av anl\u00e4ggningen. Tekniken \u00e4r framtagen i ett n\u00e4ra samarbete med det danska f\u00f6retaget Our New Energy, som tidigare har utvecklat styrning f\u00f6r vindkraft.<\/p>\n<p>\u2013 Our New Energy har tagit fram b\u00e5de h\u00e5rdvaran, som enbart best\u00e5r av europeiska komponenter, och mjukvaran, som \u00e4r den mest komplexa delen av systemet. Vi har varit med under slutfasen f\u00f6r att utveckla plattformen mot v\u00e5ra system, f\u00f6rklarar Sofia Nyberg som kommer vara involverad i den dagliga styrningen och optimeringen av vattenkraftverken.<\/p>\n<p>\u2013 Styrplattformen, som \u00e4r kompatibel med de olika styrsystem som finns i kraftstationer, g\u00f6r det m\u00f6jligt f\u00f6r oss att i realtid reglera fl\u00f6det och \u00f6ka produktionen n\u00e4r efterfr\u00e5gan \u00e4r h\u00f6g. Sjunker efterfr\u00e5gan s\u00e4nker vi produktionen.<\/p>\n<p><strong>Kommunikation via modem och mobiln\u00e4t<br \/><\/strong>Kommunikationsmodulen \u00e4r sammankopplad med kraftstationens styrsystem med hj\u00e4lp av en signalkabel, och kommunicerar via modem och mobiln\u00e4tet med Nybro Energis ledningscentral d\u00e5 anl\u00e4ggningen saknar fiberanslutning.<\/p>\n<p>\u2013 Modulen samlar st\u00e4ndigt in och tar emot data f\u00f6r effektivare drift. Eftersom vi l\u00e4gger en plan och prognos cirka tv\u00e5 dygn i f\u00f6rv\u00e4g \u00e4r det ingen katastrof om modemet tillf\u00e4lligt tappar kontakten. Den data som har registrerats \u00f6verf\u00f6rs n\u00e4r kontakten har \u00e5terupptagits. Styrningen sker inom de ramar som respektive vattendom till\u00e5ter.<\/p>\n<p>I ett f\u00f6rsta steg, innan H\u00f6gestr\u00f6ms kraftstation ansluts till st\u00f6dtj\u00e4nstmarknaden mFRR, ska systemet f\u00f6rkvalificeras av Svenska kraftn\u00e4t och testas skarpt och trimmas in p\u00e5 spotmarknaden Nord Pool under en kort period.<\/p>\n<p>\u2013 Samtidigt som vi justerar in H\u00f6gestr\u00f6m kommer vi b\u00f6rja samtala med andra kraftverks\u00e4gare. F\u00f6r \u00e4garna inneb\u00e4r det en liten omst\u00e4llning i tankes\u00e4tt, dels att l\u00e4mna \u00f6ver styrningen till oss och dels att g\u00e5 fr\u00e5n att r\u00e4kna antal producerade kilowattimmar till att nu r\u00e4kna kronor. Det \u00e4r i den riktningen som energimarknaden har g\u00e5tt de senaste \u00e5ren, s\u00e4ger Sofia Nyberg.<\/p>\n<p><img decoding=\"async\" loading=\"lazy\" class=\"wide-img alt-as-caption alt-as-caption--black js-alt-as-caption\" src=\"https:\/\/www.europesays.com\/se\/wp-content\/uploads\/2026\/01\/forsa_6.jpg\" alt=\"Alster\u00e5n \u00e4r ett vattensystem p\u00e5 elva mil som g\u00e5r genom fyra sm\u00e5l\u00e4ndska kommuner som omfattar fem vattenreglermagasin och 20 vattenkraftverk. Verken producerar runt 25\u2009000 MWh per \u00e5r.\" width=\"1200\" height=\"800\"\/><\/p>\n<p class=\"p1 gray-box\"><strong\/><strong>Sm\u00e5skalig vattenkraft<\/strong> \u00e4r elproduktion fr\u00e5n kraftverk med en effekt under 10 MW. I Sverige finns cirka 1 800 verk som tillsammans producerar cirka 4,3 TWh per \u00e5r, drygt 6 procent av den totala vattenkraftsproduktionen.<strong>H\u00f6gestr\u00f6ms kraftstation<\/strong> byggdes som en kvarn under 1800-talet och utvecklades senare till en kraftstation som producerade el p\u00e5 eget n\u00e4t. \u00a0Den kopplades in p\u00e5 Nybro Energis eln\u00e4t under 1970-talet. \u00c5rlig produktion: 0,8 GWh.<\/p>\n<p class=\"font-sm text-uppercase font-open-sans text-right pt-2\">Pierre Eklund<\/p>\n","protected":false},"excerpt":{"rendered":"De senaste \u00e5ren har m\u00e5nga akt\u00f6rer gett sig in p\u00e5 Svenska kraftn\u00e4ts st\u00f6dtj\u00e4nstmarknader f\u00f6r att tj\u00e4na pengar p\u00e5&hellip;\n","protected":false},"author":2,"featured_media":135344,"comment_status":"","ping_status":"","sticky":false,"template":"","format":"standard","meta":{"footnotes":""},"categories":[65],"tags":[72,70,71,34,31,33,32,30],"class_list":{"0":"post-135343","1":"post","2":"type-post","3":"status-publish","4":"format-standard","5":"has-post-thumbnail","7":"category-ekonomi","8":"tag-business","9":"tag-economy","10":"tag-ekonomi","11":"tag-se","12":"tag-svenska","13":"tag-sverige","14":"tag-sweden","15":"tag-swedish"},"share_on_mastodon":{"url":"https:\/\/pubeurope.com\/@se\/115892689553748100","error":""},"_links":{"self":[{"href":"https:\/\/www.europesays.com\/se\/wp-json\/wp\/v2\/posts\/135343","targetHints":{"allow":["GET"]}}],"collection":[{"href":"https:\/\/www.europesays.com\/se\/wp-json\/wp\/v2\/posts"}],"about":[{"href":"https:\/\/www.europesays.com\/se\/wp-json\/wp\/v2\/types\/post"}],"author":[{"embeddable":true,"href":"https:\/\/www.europesays.com\/se\/wp-json\/wp\/v2\/users\/2"}],"replies":[{"embeddable":true,"href":"https:\/\/www.europesays.com\/se\/wp-json\/wp\/v2\/comments?post=135343"}],"version-history":[{"count":0,"href":"https:\/\/www.europesays.com\/se\/wp-json\/wp\/v2\/posts\/135343\/revisions"}],"wp:featuredmedia":[{"embeddable":true,"href":"https:\/\/www.europesays.com\/se\/wp-json\/wp\/v2\/media\/135344"}],"wp:attachment":[{"href":"https:\/\/www.europesays.com\/se\/wp-json\/wp\/v2\/media?parent=135343"}],"wp:term":[{"taxonomy":"category","embeddable":true,"href":"https:\/\/www.europesays.com\/se\/wp-json\/wp\/v2\/categories?post=135343"},{"taxonomy":"post_tag","embeddable":true,"href":"https:\/\/www.europesays.com\/se\/wp-json\/wp\/v2\/tags?post=135343"}],"curies":[{"name":"wp","href":"https:\/\/api.w.org\/{rel}","templated":true}]}}