{"id":135346,"date":"2026-01-14T09:16:10","date_gmt":"2026-01-14T09:16:10","guid":{"rendered":"https:\/\/www.europesays.com\/se\/135346\/"},"modified":"2026-01-14T09:16:10","modified_gmt":"2026-01-14T09:16:10","slug":"dansk-ilska-tas-emot-av-jd-vance","status":"publish","type":"post","link":"https:\/\/www.europesays.com\/se\/135346\/","title":{"rendered":"Dansk ilska \u2013 tas emot av JD Vance"},"content":{"rendered":"<p><a data-test-tag=\"internal-link\" href=\"https:\/\/www.aftonbladet.se\/av\/emil-forsberg\" class=\"hyperion-css-13ns1rr\" rel=\"nofollow noopener\" target=\"\" aria-label=\"Se alla artiklar av Emil Forsberg\"><img decoding=\"async\" class=\"image-asset hyperion-css-n6kkq1\" data-test-tag=\"image-asset\" src=\"https:\/\/www.europesays.com\/se\/wp-content\/uploads\/2026\/01\/1768382168_561_602ef119-32a3-4a6a-b86e-0ebfdb56a147.png\"  alt=\"\"  loading=\"lazy\" fetchpriority=\"auto\" style=\"aspect-ratio:1900 \/ 1900\"\/><\/a>share-arrowDela<\/p>\n<p>unsaveSpara<\/p>\n<p>expand-left<\/p>\n<p>helsk\u00e4rm<img decoding=\"async\" class=\"image-asset hyperion-css-14dz1js\" data-test-tag=\"image-asset\" src=\"https:\/\/www.europesays.com\/se\/wp-content\/uploads\/2026\/01\/ec1bb61e-0c33-4614-ba70-1ab3740dbb99.jpeg\"  alt=\"USA:s vicepresident JD Vance\"  loading=\"eager\" fetchpriority=\"high\" style=\"aspect-ratio:1900 \/ 1267\"\/>USA:s vicepresident JD Vance Foto: Alex Brandon \/ AP<\/p>\n<p class=\"hyperion-css-1shl3oz\" data-test-tag=\"lead-text\">Danmarks inbokade m\u00f6te med JD Vance v\u00e4cker ilska.<\/p>\n<p class=\"hyperion-css-1shl3oz\" data-test-tag=\"lead-text\">Den amerikanske vicepresidenten beskrivs som en \u201deldkastare\u201d.<\/p>\n<p class=\"hyperion-css-1shl3oz\" data-test-tag=\"lead-text\">\u2013 Det \u00e4r d\u00e5liga nyheter f\u00f6r Danmark och Gr\u00f6nland att JD Vance deltar, s\u00e4ger USA-kommentatorn Sofie Rud.<\/p>\n<p class=\"hyperion-css-1v9qo5x\">P\u00e5 onsdagen tar USA emot Danmarks utrikesminister <a data-test-tag=\"internal-link\" href=\"https:\/\/www.aftonbladet.se\/tagg\/lars-loekke-rasmussen\" class=\"hyperion-css-15jkft9\" rel=\"nofollow noopener\" target=\"\" aria-label=\"Lars L\u00f8kke Rasmussen\">Lars L\u00f8kke Rasmussen<\/a> och <a data-test-tag=\"internal-link\" href=\"https:\/\/www.aftonbladet.se\/tagg\/gronland\" class=\"hyperion-css-15jkft9\" rel=\"nofollow noopener\" target=\"\" aria-label=\"Gr\u00f6nlands\">Gr\u00f6nlands<\/a> utrikesansvariga Vivian Motzfeldt i Vita huset.<\/p>\n<p class=\"hyperion-css-1v9qo5x\">Fr\u00e5n b\u00f6rjan l\u00e4t det som att utrikesminister Marco Rubio skulle st\u00e5 v\u00e4rd f\u00f6r m\u00f6tet.<\/p>\n<p class=\"hyperion-css-1v9qo5x\">Men nu st\u00e5r det klart att det blir vicepresident <a data-test-tag=\"internal-link\" href=\"https:\/\/www.aftonbladet.se\/tagg\/jd-vance\" class=\"hyperion-css-15jkft9\" rel=\"nofollow noopener\" target=\"\" aria-label=\"JD Vance\">JD Vance<\/a> som v\u00e4lkomnar dem.<\/p>\n<p class=\"hyperion-css-1v9qo5x\">N\u00e5got danska politiker beskriver som en eskalering i kampen om Gr\u00f6nland.<\/p>\n<p class=\"hyperion-css-1v9qo5x\">\u2013 Det h\u00e4r kan visa sig vara en mycket oklok strategi fr\u00e5n regeringens sida. Jag kan inte f\u00f6rst\u00e5 och se visdomen i att bjuda in sig sj\u00e4lv till m\u00f6ten med en nation som hotar Danmark, s\u00e4ger Folkepartiets partiledare Morten Messerschmidt till <a aria-label=\"TV2\" class=\"default hyperion-css-15jkft9\" href=\"https:\/\/nyheder.tv2.dk\/live\/2025-01-06-kampen-om-groenlands-fremtid\" rel=\"noopener nofollow noreferrer\" data-test-tag=\"external-link\" target=\"_blank\">TV2<\/a>.<\/p>\n<p>chevron-leftf\u00f6reg\u00e5ende<\/p>\n<ul class=\"carousel-container-viewport\" style=\"transform:translate3d(0%, 0, 0)\">\n<li class=\"carousel-slide\" style=\"z-index:1;filter:none(1);padding-bottom:66.68421%\"><img decoding=\"async\" class=\"image-asset hyperion-css-xnqyi8\" data-test-tag=\"image-asset\" src=\"https:\/\/www.europesays.com\/se\/wp-content\/uploads\/2026\/01\/3bd68629-4c13-45e6-99ac-ef95e83be739.jpeg\"  alt=\"\"  fetchpriority=\"auto\" style=\"aspect-ratio:1900 \/ 1267\"\/><\/li>\n<li class=\"carousel-slide\" style=\"filter:none(0.3);padding-bottom:66.68421%\"><img decoding=\"async\" class=\"image-asset hyperion-css-1o3z056\" data-test-tag=\"image-asset\" src=\"https:\/\/www.europesays.com\/se\/wp-content\/uploads\/2026\/01\/13208106-02a9-4965-9b8a-e0b8281b3355.jpeg\"  alt=\"\"  fetchpriority=\"auto\" style=\"aspect-ratio:1900 \/ 1267\"\/><\/li>\n<\/ul>\n<p>expand-left<\/p>\n<p>helsk\u00e4rmchevron-rightn\u00e4staDanmarks utrikesminister Lars L\u00f8kke Rasmussen<\/p>\n<p>1 \/ 2Foto: Sebastian Elias Uth \/ Scanpix Denmark<\/p>\n<p class=\"hyperion-css-1v9qo5x\">Danska Enhetspartiets ledamot Pelle Dragsted h\u00e5ller med:<\/p>\n<p class=\"hyperion-css-1v9qo5x\">\u2013 Det \u00e4r s\u00e4kerligen Trump som har sagt att han vill ha den n\u00e4rvaron p\u00e5 det m\u00f6tet, och det betyder f\u00f6rmodligen att det blir Trumps linje som kommer att f\u00f6ras i st\u00f6rre utstr\u00e4ckning, s\u00e4ger Pelle Dragsted.<\/p>\n<p class=\"hyperion-css-1v9qo5x\">Den stora oron inf\u00f6r m\u00f6tet grundar sig i fjol\u00e5rets <a data-test-tag=\"internal-link\" href=\"https:\/\/www.aftonbladet.se\/nyheter\/a\/4BKmnR\/144-minuter-sen-kastades-zelenskyj-ut-fran-vita-huset\" class=\"hyperion-css-15jkft9\" rel=\"nofollow noopener\" target=\"\" aria-label=\"ursp\u00e5rade m\u00f6te\">ursp\u00e5rade m\u00f6te<\/a> mellan USA och Ukraina d\u00e4r JD Vance och <a data-test-tag=\"internal-link\" href=\"https:\/\/www.aftonbladet.se\/tagg\/donald-trump\" class=\"hyperion-css-15jkft9\" rel=\"nofollow noopener\" target=\"\" aria-label=\"Donald Trump\">Donald Trump<\/a> h\u00e5nade <a data-test-tag=\"internal-link\" href=\"https:\/\/www.aftonbladet.se\/tagg\/volodymyr-zelenskyj\" class=\"hyperion-css-15jkft9\" rel=\"nofollow noopener\" target=\"\" aria-label=\"Volodymyr Zelenskyj\">Volodymyr Zelenskyj<\/a> inf\u00f6r rullande kameror, s\u00e4ger seniorforskaren Mikkel Runge Olesen.<\/p>\n<p class=\"hyperion-css-1v9qo5x\">\u2013 Det \u00e4r uppenbart om man tittar p\u00e5 Zelenskyj-m\u00f6tet fr\u00e5n f\u00f6rra \u00e5ret. Det var minst s\u00e5 illa som det kan g\u00e5 n\u00e4r man har ett m\u00f6te med bland andra JD Vance, s\u00e4ger han till TV2.<\/p>\n<p>expand-left<\/p>\n<p>helsk\u00e4rm<img decoding=\"async\" class=\"image-asset hyperion-css-1q4o0j6\" data-test-tag=\"image-asset\" src=\"https:\/\/www.europesays.com\/se\/wp-content\/uploads\/2026\/01\/f46b4c08-4d92-4f43-95e1-c27306df308d.jpeg\"  alt=\"Det var n\u00e4r vicepresidenten JD Vance br\u00f6t in som m\u00f6tet med Zelenskyj sp\u00e5rade ur i fjol.\"  loading=\"eager\" fetchpriority=\"high\" style=\"aspect-ratio:1900 \/ 1265\"\/>Det var n\u00e4r vicepresidenten JD Vance br\u00f6t in som m\u00f6tet med Zelenskyj sp\u00e5rade ur i fjol. Foto: Mystyslav Chernov\/AP<\/p>\n<p class=\"hyperion-css-1v9qo5x\">USA-kommentatorn Sofie Rud s\u00e4ger att Vance n\u00e4rvaro inneb\u00e4r d\u00e5liga nyheter f\u00f6r Danmark och Gr\u00f6nland.<\/p>\n<p class=\"hyperion-css-1v9qo5x\">\u2013 Nu tar vi in \u200b\u200beldkastaren JD Vance och g\u00f6r honom till programledare \u2013 fr\u00e5n och med d\u00e5 kan det g\u00e5 \u00e5t b\u00e5da h\u00e5llen.<\/p>\n<p class=\"hyperion-css-1v9qo5x\">Utrikesminister Lars L\u00f8kke Rasmussen har kritiserats f\u00f6r sitt beslut att delta i m\u00f6tet, men sj\u00e4lv v\u00e4grat svara p\u00e5 fr\u00e5gor.<\/p>\n<p class=\"hyperion-css-1v9qo5x\">\u2013 Det finns ett flygplan vi m\u00e5ste hinna med, sa han och l\u00e4mnade pressuppb\u00e5det.<\/p>\n<p>chevron-leftf\u00f6reg\u00e5ende<\/p>\n<ul class=\"carousel-container-viewport\" style=\"transform:translate3d(0%, 0, 0)\">\n<li class=\"carousel-slide\" style=\"z-index:1;filter:none(1);padding-bottom:66.68421%\"><img decoding=\"async\" class=\"image-asset hyperion-css-hvumkb\" data-test-tag=\"image-asset\" src=\"https:\/\/www.europesays.com\/se\/wp-content\/uploads\/2026\/01\/a7b9ec94-c74d-4b4a-8880-48b8cf908c4e.jpeg\"  alt=\"\"  fetchpriority=\"auto\" style=\"aspect-ratio:1900 \/ 1267\"\/><\/li>\n<li class=\"carousel-slide\" style=\"filter:none(0.3);padding-bottom:66.68421%\"><img decoding=\"async\" class=\"image-asset hyperion-css-8r6wnf\" data-test-tag=\"image-asset\" src=\"https:\/\/www.europesays.com\/se\/wp-content\/uploads\/2026\/01\/3efa9c9d-8a58-4d50-a1f0-5ca68767765d.jpeg\"  alt=\"\"  fetchpriority=\"auto\" style=\"aspect-ratio:1605 \/ 1070\"\/><\/li>\n<\/ul>\n<p>expand-left<\/p>\n<p>helsk\u00e4rmchevron-rightn\u00e4staEnhetspartiets ledamot Pelle Dragsted<\/p>\n<p>1 \/ 2Foto: Sebastian Elias Uth \/ Scanpix Denmark<\/p>\n","protected":false},"excerpt":{"rendered":"share-arrowDela unsaveSpara expand-left helsk\u00e4rmUSA:s vicepresident JD Vance Foto: Alex Brandon \/ AP Danmarks inbokade m\u00f6te med JD Vance&hellip;\n","protected":false},"author":2,"featured_media":135347,"comment_status":"","ping_status":"","sticky":false,"template":"","format":"standard","meta":{"footnotes":""},"categories":[5],"tags":[22,23,26,27,17,21,24,25,28,29,15,16,18,34,31,33,32,30,19,20],"class_list":{"0":"post-135346","1":"post","2":"type-post","3":"status-publish","4":"format-standard","5":"has-post-thumbnail","7":"category-rubriker","8":"tag-breaking-news","9":"tag-breakingnews","10":"tag-featured-news","11":"tag-featurednews","12":"tag-headlines","13":"tag-huvudnyheter","14":"tag-latest-news","15":"tag-latestnews","16":"tag-main-news","17":"tag-mainnews","18":"tag-news","19":"tag-nyheter","20":"tag-rubriker","21":"tag-se","22":"tag-svenska","23":"tag-sverige","24":"tag-sweden","25":"tag-swedish","26":"tag-top-stories","27":"tag-topstories"},"share_on_mastodon":{"url":"https:\/\/pubeurope.com\/@se\/115892701340920466","error":""},"_links":{"self":[{"href":"https:\/\/www.europesays.com\/se\/wp-json\/wp\/v2\/posts\/135346","targetHints":{"allow":["GET"]}}],"collection":[{"href":"https:\/\/www.europesays.com\/se\/wp-json\/wp\/v2\/posts"}],"about":[{"href":"https:\/\/www.europesays.com\/se\/wp-json\/wp\/v2\/types\/post"}],"author":[{"embeddable":true,"href":"https:\/\/www.europesays.com\/se\/wp-json\/wp\/v2\/users\/2"}],"replies":[{"embeddable":true,"href":"https:\/\/www.europesays.com\/se\/wp-json\/wp\/v2\/comments?post=135346"}],"version-history":[{"count":0,"href":"https:\/\/www.europesays.com\/se\/wp-json\/wp\/v2\/posts\/135346\/revisions"}],"wp:featuredmedia":[{"embeddable":true,"href":"https:\/\/www.europesays.com\/se\/wp-json\/wp\/v2\/media\/135347"}],"wp:attachment":[{"href":"https:\/\/www.europesays.com\/se\/wp-json\/wp\/v2\/media?parent=135346"}],"wp:term":[{"taxonomy":"category","embeddable":true,"href":"https:\/\/www.europesays.com\/se\/wp-json\/wp\/v2\/categories?post=135346"},{"taxonomy":"post_tag","embeddable":true,"href":"https:\/\/www.europesays.com\/se\/wp-json\/wp\/v2\/tags?post=135346"}],"curies":[{"name":"wp","href":"https:\/\/api.w.org\/{rel}","templated":true}]}}