{"id":135354,"date":"2026-01-14T09:23:14","date_gmt":"2026-01-14T09:23:14","guid":{"rendered":"https:\/\/www.europesays.com\/se\/135354\/"},"modified":"2026-01-14T09:23:14","modified_gmt":"2026-01-14T09:23:14","slug":"bilar-i-diket-utanfor-tenhult-skulle-kora-om-plogbil","status":"publish","type":"post","link":"https:\/\/www.europesays.com\/se\/135354\/","title":{"rendered":"Bilar i diket utanf\u00f6r Tenhult \u2013 skulle k\u00f6ra om plogbil"},"content":{"rendered":"<p>Larmet om olyckan kom strax efter klockan \u00e5tta. Enligt r\u00e4ddningstj\u00e4nsten r\u00f6r det sig om en omk\u00f6rningsolycka.<\/p>\n<p>\u2013 Den ena personbilen skulle k\u00f6ra om en plogbil och b\u00e5da bilarna k\u00f6rde d\u00e5 av v\u00e4gen, s\u00e4ger r\u00e4ddningstj\u00e4nstens inre bef\u00e4l. <\/p>\n<p>Enligt r\u00e4ddningstj\u00e4nsten \u00e4r det en trafikerad v\u00e4g och olyckan har skapat l\u00e5nga k\u00f6er p\u00e5 str\u00e4ckan. Bilarna ska nu b\u00e4rgas fr\u00e5n platsen. <\/p>\n<p>Tv\u00e5 personer har f\u00f6rts med ambulans till sjukhus f\u00f6r en kontroll. Polisen kommer skriva en anm\u00e4lan om v\u00e5rdsl\u00f6shet i trafik. Polis finns kvar p\u00e5 plats f\u00f6r att inv\u00e4nta b\u00e4rgare. <\/p>\n<p>Flera trafikolyckor <\/p>\n<p>En personbil k\u00f6rde av E4 norr om Vaggeryd p\u00e5 onsdagsmorgonen. Och SMHI har utf\u00e4rdat en gul varning f\u00f6r halka n\u00e4r plusgrader och regn drar in fr\u00e5n onsdag. <\/p>\n<p>Halkolyckan intr\u00e4ffade strax f\u00f6re klockan 6 p\u00e5 E4 norr om Vaggeryd. Ingen person ska ha kommit till skada men bilen beh\u00f6ver b\u00e4rgas. <\/p>\n<p>\u00c4ven p\u00e5 v\u00e4g 153 mellan Bredaryd och Reftele har en bil \u00e5kt av v\u00e4gen. Ingen kom till skada.<\/p>\n<p>Vid 8.45 kom larm om en olycka med en buss och en personbil p\u00e5 V\u00e4ttergatan\/Torsgatan i Huskvarna. Ingen person \u00e4r skadad. <\/p>\n","protected":false},"excerpt":{"rendered":"Larmet om olyckan kom strax efter klockan \u00e5tta. Enligt r\u00e4ddningstj\u00e4nsten r\u00f6r det sig om en omk\u00f6rningsolycka. \u2013 Den&hellip;\n","protected":false},"author":2,"featured_media":135355,"comment_status":"","ping_status":"","sticky":false,"template":"","format":"standard","meta":{"footnotes":""},"categories":[12],"tags":[22,23,26,27,17,21,24,25,28,29,15,16,18,34,31,33,32,30,19,20],"class_list":{"0":"post-135354","1":"post","2":"type-post","3":"status-publish","4":"format-standard","5":"has-post-thumbnail","7":"category-sverige","8":"tag-breaking-news","9":"tag-breakingnews","10":"tag-featured-news","11":"tag-featurednews","12":"tag-headlines","13":"tag-huvudnyheter","14":"tag-latest-news","15":"tag-latestnews","16":"tag-main-news","17":"tag-mainnews","18":"tag-news","19":"tag-nyheter","20":"tag-rubriker","21":"tag-se","22":"tag-svenska","23":"tag-sverige","24":"tag-sweden","25":"tag-swedish","26":"tag-top-stories","27":"tag-topstories"},"share_on_mastodon":{"url":"https:\/\/pubeurope.com\/@se\/115892728834605060","error":""},"_links":{"self":[{"href":"https:\/\/www.europesays.com\/se\/wp-json\/wp\/v2\/posts\/135354","targetHints":{"allow":["GET"]}}],"collection":[{"href":"https:\/\/www.europesays.com\/se\/wp-json\/wp\/v2\/posts"}],"about":[{"href":"https:\/\/www.europesays.com\/se\/wp-json\/wp\/v2\/types\/post"}],"author":[{"embeddable":true,"href":"https:\/\/www.europesays.com\/se\/wp-json\/wp\/v2\/users\/2"}],"replies":[{"embeddable":true,"href":"https:\/\/www.europesays.com\/se\/wp-json\/wp\/v2\/comments?post=135354"}],"version-history":[{"count":0,"href":"https:\/\/www.europesays.com\/se\/wp-json\/wp\/v2\/posts\/135354\/revisions"}],"wp:featuredmedia":[{"embeddable":true,"href":"https:\/\/www.europesays.com\/se\/wp-json\/wp\/v2\/media\/135355"}],"wp:attachment":[{"href":"https:\/\/www.europesays.com\/se\/wp-json\/wp\/v2\/media?parent=135354"}],"wp:term":[{"taxonomy":"category","embeddable":true,"href":"https:\/\/www.europesays.com\/se\/wp-json\/wp\/v2\/categories?post=135354"},{"taxonomy":"post_tag","embeddable":true,"href":"https:\/\/www.europesays.com\/se\/wp-json\/wp\/v2\/tags?post=135354"}],"curies":[{"name":"wp","href":"https:\/\/api.w.org\/{rel}","templated":true}]}}