{"id":135360,"date":"2026-01-14T09:27:12","date_gmt":"2026-01-14T09:27:12","guid":{"rendered":"https:\/\/www.europesays.com\/se\/135360\/"},"modified":"2026-01-14T09:27:12","modified_gmt":"2026-01-14T09:27:12","slug":"pris-till-suzanne-ostens-minne","status":"publish","type":"post","link":"https:\/\/www.europesays.com\/se\/135360\/","title":{"rendered":"Pris till Suzanne Ostens minne"},"content":{"rendered":"<p class=\"boxtextgrotesk-root_baa6 hyperion-css-7pajle\">Uppdaterad 08.07 | Publicerad 08.00<\/p>\n<p>share-arrowDela<\/p>\n<p>unsaveSpara<\/p>\n<p>expand-left<\/p>\n<p>helsk\u00e4rm<img decoding=\"async\" class=\"image-asset hyperion-css-u06ts1\" data-test-tag=\"image-asset\" src=\"https:\/\/www.europesays.com\/se\/wp-content\/uploads\/2026\/01\/ae448282-a4e9-40b7-8bcd-38321213abbe.jpeg\"  alt=\"Suzanne Osten-priset ska ges till den som f\u00f6r vidare hennes konsekventa barnperspektiv.\"  loading=\"eager\" fetchpriority=\"high\" style=\"aspect-ratio:1900 \/ 1267\"\/>Suzanne Osten-priset ska ges till den som f\u00f6r vidare hennes konsekventa barnperspektiv. Foto: Pontus Lundahl\/TT<\/p>\n<p class=\"hyperion-css-1shl3oz\" data-test-tag=\"lead-text\">Ett nytt pris instiftas till Suzanne Ostens minne.<\/p>\n<p class=\"hyperion-css-1shl3oz\" data-test-tag=\"lead-text\">Det ges till den som f\u00f6r vidare teaterlegendarens \u201dkonsekventa barnperspektiv\u201d.<\/p>\n<p class=\"hyperion-css-1v9qo5x\">Det f\u00f6rsta <a data-test-tag=\"internal-link\" href=\"https:\/\/www.aftonbladet.se\/tagg\/suzanne-osten\" class=\"hyperion-css-15jkft9\" rel=\"nofollow noopener\" target=\"\" theme=\"entertainment\"><strong>Suzanne Osten<\/strong><\/a>-priset delas ut p\u00e5 <a data-test-tag=\"internal-link\" href=\"https:\/\/www.aftonbladet.se\/tagg\/unga-klara\" class=\"hyperion-css-15jkft9\" rel=\"nofollow noopener\" target=\"\" aria-label=\"Unga Klara\" theme=\"entertainment\">Unga Klara<\/a> i Stockholm den 16 mars i \u00e5r. Prissumman \u00e4r 10\u00a0000 kronor och priset ska delas ut \u00e5rligen av en jury. Bakom priset st\u00e5r Unga Klaras v\u00e4nf\u00f6rening.<\/p>\n<p class=\"hyperion-css-1v9qo5x\">I ett pressmeddelande framh\u00e5ller jurymedlemmen och vd:n f\u00f6r Unga Klara, <strong>Jonas Kahnlund<\/strong>, Suzanne Ostens banbrytande insatser f\u00f6r scenkonst som riktas till barn och unga.<\/p>\n<p class=\"hyperion-css-1v9qo5x\">\u201dEtt \u00e5r efter hennes bortg\u00e5ng \u00e4r det ofantligt viktigt att v\u00e5rda hennes minne och det g\u00f6r vi b\u00e4st genom att aktivt forts\u00e4tta driva det konsekventa barnperspektivet fram\u00e5t\u201d, s\u00e4ger han.<\/p>\n","protected":false},"excerpt":{"rendered":"Uppdaterad 08.07 | Publicerad 08.00 share-arrowDela unsaveSpara expand-left helsk\u00e4rmSuzanne Osten-priset ska ges till den som f\u00f6r vidare hennes&hellip;\n","protected":false},"author":2,"featured_media":135361,"comment_status":"","ping_status":"","sticky":false,"template":"","format":"standard","meta":{"footnotes":""},"categories":[67],"tags":[104,34,31,33,32,30,105],"class_list":{"0":"post-135360","1":"post","2":"type-post","3":"status-publish","4":"format-standard","5":"has-post-thumbnail","7":"category-underhallning","8":"tag-entertainment","9":"tag-se","10":"tag-svenska","11":"tag-sverige","12":"tag-sweden","13":"tag-swedish","14":"tag-underhallning"},"share_on_mastodon":{"url":"https:\/\/pubeurope.com\/@se\/115892744697818147","error":""},"_links":{"self":[{"href":"https:\/\/www.europesays.com\/se\/wp-json\/wp\/v2\/posts\/135360","targetHints":{"allow":["GET"]}}],"collection":[{"href":"https:\/\/www.europesays.com\/se\/wp-json\/wp\/v2\/posts"}],"about":[{"href":"https:\/\/www.europesays.com\/se\/wp-json\/wp\/v2\/types\/post"}],"author":[{"embeddable":true,"href":"https:\/\/www.europesays.com\/se\/wp-json\/wp\/v2\/users\/2"}],"replies":[{"embeddable":true,"href":"https:\/\/www.europesays.com\/se\/wp-json\/wp\/v2\/comments?post=135360"}],"version-history":[{"count":0,"href":"https:\/\/www.europesays.com\/se\/wp-json\/wp\/v2\/posts\/135360\/revisions"}],"wp:featuredmedia":[{"embeddable":true,"href":"https:\/\/www.europesays.com\/se\/wp-json\/wp\/v2\/media\/135361"}],"wp:attachment":[{"href":"https:\/\/www.europesays.com\/se\/wp-json\/wp\/v2\/media?parent=135360"}],"wp:term":[{"taxonomy":"category","embeddable":true,"href":"https:\/\/www.europesays.com\/se\/wp-json\/wp\/v2\/categories?post=135360"},{"taxonomy":"post_tag","embeddable":true,"href":"https:\/\/www.europesays.com\/se\/wp-json\/wp\/v2\/tags?post=135360"}],"curies":[{"name":"wp","href":"https:\/\/api.w.org\/{rel}","templated":true}]}}