{"id":135368,"date":"2026-01-14T09:31:08","date_gmt":"2026-01-14T09:31:08","guid":{"rendered":"https:\/\/www.europesays.com\/se\/135368\/"},"modified":"2026-01-14T09:31:08","modified_gmt":"2026-01-14T09:31:08","slug":"valt-lastbil-stoppar-trafiken-pa-e4-mellan-odeshog-och-granna","status":"publish","type":"post","link":"https:\/\/www.europesays.com\/se\/135368\/","title":{"rendered":"V\u00e4lt lastbil stoppar trafiken p\u00e5 E4 mellan \u00d6desh\u00f6g och Gr\u00e4nna"},"content":{"rendered":"<p>Ingen person ska ha skadats i olyckan.<\/p>\n<p>Larmet om att lastbilen hade v\u00e4lt i h\u00f6jd med Holkaberg kom in strax efter klockan 23.<\/p>\n<p>Trafiken leds om via mindre v\u00e4gar \u00f6ver Tran\u00e5s och Mj\u00f6lby. Enligt Trafikverkets f\u00f6rsta prognos skulle v\u00e4gen \u00e5ter vara f\u00f6rbar klockan 10 p\u00e5 f\u00f6rmiddagen \u2013 sluttiden har nu flyttats fram till klockan 12.00. <\/p>\n<p>Det g\u00e5r inte att k\u00f6ra f\u00f6rbi olycksplatsen via Gr\u00e4nna d\u00e5 l\u00e4nsv\u00e4gen via Gr\u00e4nna-Vida V\u00e4ttern \u00e4r avst\u00e4ngd, bland annat efter en lastbilsolycka vid Uppgr\u00e4nna. Prognos d\u00e4r \u00e4r satt till klockan 12.<\/p>\n","protected":false},"excerpt":{"rendered":"Ingen person ska ha skadats i olyckan. Larmet om att lastbilen hade v\u00e4lt i h\u00f6jd med Holkaberg kom&hellip;\n","protected":false},"author":2,"featured_media":135369,"comment_status":"","ping_status":"","sticky":false,"template":"","format":"standard","meta":{"footnotes":""},"categories":[12],"tags":[22,23,26,27,17,21,24,25,28,29,15,16,18,34,31,33,32,30,19,20],"class_list":{"0":"post-135368","1":"post","2":"type-post","3":"status-publish","4":"format-standard","5":"has-post-thumbnail","7":"category-sverige","8":"tag-breaking-news","9":"tag-breakingnews","10":"tag-featured-news","11":"tag-featurednews","12":"tag-headlines","13":"tag-huvudnyheter","14":"tag-latest-news","15":"tag-latestnews","16":"tag-main-news","17":"tag-mainnews","18":"tag-news","19":"tag-nyheter","20":"tag-rubriker","21":"tag-se","22":"tag-svenska","23":"tag-sverige","24":"tag-sweden","25":"tag-swedish","26":"tag-top-stories","27":"tag-topstories"},"share_on_mastodon":{"url":"https:\/\/pubeurope.com\/@se\/115892760300219324","error":""},"_links":{"self":[{"href":"https:\/\/www.europesays.com\/se\/wp-json\/wp\/v2\/posts\/135368","targetHints":{"allow":["GET"]}}],"collection":[{"href":"https:\/\/www.europesays.com\/se\/wp-json\/wp\/v2\/posts"}],"about":[{"href":"https:\/\/www.europesays.com\/se\/wp-json\/wp\/v2\/types\/post"}],"author":[{"embeddable":true,"href":"https:\/\/www.europesays.com\/se\/wp-json\/wp\/v2\/users\/2"}],"replies":[{"embeddable":true,"href":"https:\/\/www.europesays.com\/se\/wp-json\/wp\/v2\/comments?post=135368"}],"version-history":[{"count":0,"href":"https:\/\/www.europesays.com\/se\/wp-json\/wp\/v2\/posts\/135368\/revisions"}],"wp:featuredmedia":[{"embeddable":true,"href":"https:\/\/www.europesays.com\/se\/wp-json\/wp\/v2\/media\/135369"}],"wp:attachment":[{"href":"https:\/\/www.europesays.com\/se\/wp-json\/wp\/v2\/media?parent=135368"}],"wp:term":[{"taxonomy":"category","embeddable":true,"href":"https:\/\/www.europesays.com\/se\/wp-json\/wp\/v2\/categories?post=135368"},{"taxonomy":"post_tag","embeddable":true,"href":"https:\/\/www.europesays.com\/se\/wp-json\/wp\/v2\/tags?post=135368"}],"curies":[{"name":"wp","href":"https:\/\/api.w.org\/{rel}","templated":true}]}}