{"id":135370,"date":"2026-01-14T09:32:11","date_gmt":"2026-01-14T09:32:11","guid":{"rendered":"https:\/\/www.europesays.com\/se\/135370\/"},"modified":"2026-01-14T09:32:11","modified_gmt":"2026-01-14T09:32:11","slug":"ridsport-konflikten-fortsatter-generalsekreteraren-lamnar-direkt","status":"publish","type":"post","link":"https:\/\/www.europesays.com\/se\/135370\/","title":{"rendered":"Ridsport: Konflikten forts\u00e4tter \u2013 generalsekreteraren l\u00e4mnar direkt"},"content":{"rendered":"<p>Konflikten inom Ridsportf\u00f6rbundet inleddes i b\u00f6rjan av december d\u00e5 ett beslut togs att inf\u00f6ra en 13-\u00e5rsgr\u00e4ns f\u00f6r deltagande i internationella t\u00e4vlingar, nationella m\u00e4sterskap och rikst\u00e4ckande serier. F\u00f6r\u00e4ndringen, som skulle b\u00f6rja g\u00e4lla senast 2029, v\u00e4ckte stor ilska och s\u00e5gades rej\u00e4lt av bland andra Peder Fredricson, Henrik von Eckermann och Rolf-G\u00f6ran Bengtsson. <\/p>\n<p>De svenska v\u00e4rldsstj\u00e4rnorna menade att de s\u00e5 kallade B-ponny\u00e5ren \u201dutg\u00f6r en viktig och naturlig del av barns utveckling inom ridsporten\u201d.<\/p>\n<p>Stormen fortsatte sedan n\u00e4r hela hoppkommitt\u00e9n tvingades bort \u2013 av f\u00f6rbundsstyrelsen. <\/p>\n<p>Hon ers\u00e4tter: \u201dPositiv inverkan\u201d<\/p>\n<p>Under tisdagseftermiddagen skickade f\u00f6rbundet ett pressmeddelande d\u00e4r det stod klart att generalsekreteraren Johan Fyrberg avg\u00e5r omedelbart. Fyrberg skulle egentligen ha slutat 30 juni men l\u00e4mnar nu tidigare. <\/p>\n<p>Ny generalsekreterare heter Maria Guggenberger som tilltr\u00e4der direkt i v\u00e4ntan p\u00e5 att en permanent generalsekreterare rekryteras.<\/p>\n<p>\u201dH\u00e4starna g\u00f6r definitivt v\u00e5rt samh\u00e4lle b\u00e4ttre. En v\u00e4lm\u00e5ende h\u00e4stsport \u00e4r grunden f\u00f6r en stark h\u00e4stn\u00e4ring, och ridsporten som idrott har bevisligen en positiv inverkan p\u00e5 folkh\u00e4lsan\u201d, s\u00e4ger Guggenberger <a href=\"https:\/\/ridsport.se\/nyheter\/nyheter-om-oss\/nyheter-om-oss\/2026-01-13-maria-guggenberger-tilltrader-som-tillforordnad-generalsekreterare\" rel=\"nofollow noopener\" target=\"_blank\">i ett pressmeddelande. <\/a><\/p>\n","protected":false},"excerpt":{"rendered":"Konflikten inom Ridsportf\u00f6rbundet inleddes i b\u00f6rjan av december d\u00e5 ett beslut togs att inf\u00f6ra en 13-\u00e5rsgr\u00e4ns f\u00f6r deltagande&hellip;\n","protected":false},"author":2,"featured_media":135371,"comment_status":"","ping_status":"","sticky":false,"template":"","format":"standard","meta":{"footnotes":""},"categories":[5],"tags":[22,23,26,27,17,21,24,25,28,29,15,16,18,34,31,33,32,30,19,20],"class_list":{"0":"post-135370","1":"post","2":"type-post","3":"status-publish","4":"format-standard","5":"has-post-thumbnail","7":"category-rubriker","8":"tag-breaking-news","9":"tag-breakingnews","10":"tag-featured-news","11":"tag-featurednews","12":"tag-headlines","13":"tag-huvudnyheter","14":"tag-latest-news","15":"tag-latestnews","16":"tag-main-news","17":"tag-mainnews","18":"tag-news","19":"tag-nyheter","20":"tag-rubriker","21":"tag-se","22":"tag-svenska","23":"tag-sverige","24":"tag-sweden","25":"tag-swedish","26":"tag-top-stories","27":"tag-topstories"},"share_on_mastodon":{"url":"https:\/\/pubeurope.com\/@se\/115892764223916730","error":""},"_links":{"self":[{"href":"https:\/\/www.europesays.com\/se\/wp-json\/wp\/v2\/posts\/135370","targetHints":{"allow":["GET"]}}],"collection":[{"href":"https:\/\/www.europesays.com\/se\/wp-json\/wp\/v2\/posts"}],"about":[{"href":"https:\/\/www.europesays.com\/se\/wp-json\/wp\/v2\/types\/post"}],"author":[{"embeddable":true,"href":"https:\/\/www.europesays.com\/se\/wp-json\/wp\/v2\/users\/2"}],"replies":[{"embeddable":true,"href":"https:\/\/www.europesays.com\/se\/wp-json\/wp\/v2\/comments?post=135370"}],"version-history":[{"count":0,"href":"https:\/\/www.europesays.com\/se\/wp-json\/wp\/v2\/posts\/135370\/revisions"}],"wp:featuredmedia":[{"embeddable":true,"href":"https:\/\/www.europesays.com\/se\/wp-json\/wp\/v2\/media\/135371"}],"wp:attachment":[{"href":"https:\/\/www.europesays.com\/se\/wp-json\/wp\/v2\/media?parent=135370"}],"wp:term":[{"taxonomy":"category","embeddable":true,"href":"https:\/\/www.europesays.com\/se\/wp-json\/wp\/v2\/categories?post=135370"},{"taxonomy":"post_tag","embeddable":true,"href":"https:\/\/www.europesays.com\/se\/wp-json\/wp\/v2\/tags?post=135370"}],"curies":[{"name":"wp","href":"https:\/\/api.w.org\/{rel}","templated":true}]}}