{"id":135381,"date":"2026-01-14T09:40:09","date_gmt":"2026-01-14T09:40:09","guid":{"rendered":"https:\/\/www.europesays.com\/se\/135381\/"},"modified":"2026-01-14T09:40:09","modified_gmt":"2026-01-14T09:40:09","slug":"senaste-nytt-om-protesterna-i-iran-11","status":"publish","type":"post","link":"https:\/\/www.europesays.com\/se\/135381\/","title":{"rendered":"Senaste nytt om protesterna i Iran"},"content":{"rendered":"<p>USA:s president Donald Trump s\u00e4ger p\u00e5 tisdagen att man st\u00e4llt in alla m\u00f6ten med Iran till dess att \u201ddet sansl\u00f6sa d\u00f6dandet av demonstranter stoppas\u201d.<\/p>\n<p>I ett inl\u00e4gg i sociala medier uppmanar han demonstranterna att forts\u00e4tta protestera.<\/p>\n<p>Han s\u00e4ger ocks\u00e5 att de som \u00e4r skyldiga till att d\u00f6da och skada demonstranter kommer f\u00e5 \u201dbetala dyrt\u201d och att \u201dhj\u00e4lp \u00e4r p\u00e5 v\u00e4g\u201d.<\/p>\n<p>Enligt Jan Hallenberg, seniorforskare vid Utrikespolitiska institutet, ska\u00a0man ta presidenten p\u00e5 orden.<\/p>\n<p>\u2013 Amerikanerna\u00a0kommer bomba, s\u00e4ger han.<\/p>\n<p>\u2013 Donald\u00a0Trump\u00a0\u00e4r maktberusad och tror att han kan g\u00f6ra vad som helst.<\/p>\n<p>Exakt\u00a0hur stor milit\u00e4r insats det kan komma att handla om, och vilka konsekvenser det kan f\u00e5, \u00e4r dock sv\u00e5rt att s\u00e4ga enligt\u00a0Hallenberg.<\/p>\n<p>\u2013 Det finns s\u00e5 m\u00e5nga os\u00e4kra faktorer i det h\u00e4r l\u00e4get.<\/p>\n<p>Demonstrationerna mot den iranska regimen har p\u00e5g\u00e5tt sedan mellandagarna och det rapporteras om ett tusentals d\u00f6dsoffer, men siffrorna varierar och \u00e4r inte verifierade.<\/p>\n","protected":false},"excerpt":{"rendered":"USA:s president Donald Trump s\u00e4ger p\u00e5 tisdagen att man st\u00e4llt in alla m\u00f6ten med Iran till dess att&hellip;\n","protected":false},"author":2,"featured_media":133787,"comment_status":"","ping_status":"","sticky":false,"template":"","format":"standard","meta":{"footnotes":""},"categories":[5],"tags":[22,23,26,27,17,21,24,25,28,29,15,16,18,34,31,33,32,30,19,20],"class_list":{"0":"post-135381","1":"post","2":"type-post","3":"status-publish","4":"format-standard","5":"has-post-thumbnail","7":"category-rubriker","8":"tag-breaking-news","9":"tag-breakingnews","10":"tag-featured-news","11":"tag-featurednews","12":"tag-headlines","13":"tag-huvudnyheter","14":"tag-latest-news","15":"tag-latestnews","16":"tag-main-news","17":"tag-mainnews","18":"tag-news","19":"tag-nyheter","20":"tag-rubriker","21":"tag-se","22":"tag-svenska","23":"tag-sverige","24":"tag-sweden","25":"tag-swedish","26":"tag-top-stories","27":"tag-topstories"},"share_on_mastodon":{"url":"https:\/\/pubeurope.com\/@se\/115892795651286179","error":""},"_links":{"self":[{"href":"https:\/\/www.europesays.com\/se\/wp-json\/wp\/v2\/posts\/135381","targetHints":{"allow":["GET"]}}],"collection":[{"href":"https:\/\/www.europesays.com\/se\/wp-json\/wp\/v2\/posts"}],"about":[{"href":"https:\/\/www.europesays.com\/se\/wp-json\/wp\/v2\/types\/post"}],"author":[{"embeddable":true,"href":"https:\/\/www.europesays.com\/se\/wp-json\/wp\/v2\/users\/2"}],"replies":[{"embeddable":true,"href":"https:\/\/www.europesays.com\/se\/wp-json\/wp\/v2\/comments?post=135381"}],"version-history":[{"count":0,"href":"https:\/\/www.europesays.com\/se\/wp-json\/wp\/v2\/posts\/135381\/revisions"}],"wp:featuredmedia":[{"embeddable":true,"href":"https:\/\/www.europesays.com\/se\/wp-json\/wp\/v2\/media\/133787"}],"wp:attachment":[{"href":"https:\/\/www.europesays.com\/se\/wp-json\/wp\/v2\/media?parent=135381"}],"wp:term":[{"taxonomy":"category","embeddable":true,"href":"https:\/\/www.europesays.com\/se\/wp-json\/wp\/v2\/categories?post=135381"},{"taxonomy":"post_tag","embeddable":true,"href":"https:\/\/www.europesays.com\/se\/wp-json\/wp\/v2\/tags?post=135381"}],"curies":[{"name":"wp","href":"https:\/\/api.w.org\/{rel}","templated":true}]}}