{"id":135386,"date":"2026-01-14T09:44:07","date_gmt":"2026-01-14T09:44:07","guid":{"rendered":"https:\/\/www.europesays.com\/se\/135386\/"},"modified":"2026-01-14T09:44:07","modified_gmt":"2026-01-14T09:44:07","slug":"microsoft-uppgradera-till-en-ai-dator-annars-missar-du-nasta-generations-pc","status":"publish","type":"post","link":"https:\/\/www.europesays.com\/se\/135386\/","title":{"rendered":"Microsoft: Uppgradera till en AI-dator \u2013 annars missar du n\u00e4sta generations PC"},"content":{"rendered":"<p>Microsoft <a href=\"https:\/\/idg.digidip.net\/visit?url=https:\/\/www.microsoft.com\/en-us\/windows\/learning-center\/copilot-plus-pcs-windows-pcs-differences&amp;currurl=https:\/\/www.pcforalla.se\/article\/3032031\/microsoft-uppgradera-till-en-ai-dator-annars-missar-du-nasta-generations-pc.html&amp;ref=8-1-3032031-1-0-0-0-0\" rel=\"nofollow noopener\" data-subtag=\"8-1-3032031-1-0-0-0-0\" data-domain-name=\"microsoft\" target=\"_blank\">uppmanar<\/a> nu anv\u00e4ndare att uppgradera till s\u00e5 kallade Copilot Plus-datorer med s\u00e4rskilt AI-st\u00f6d f\u00f6r att vara \u201dredo f\u00f6r n\u00e4sta generations datorer\u201d, rapporterar <a href=\"https:\/\/idg.digidip.net\/visit?url=https:\/\/www.windowslatest.com\/2026\/01\/12\/microsoft-says-you-should-upgrade-to-windows-11-ai-pcs-if-you-want-to-be-prepared-for-the-next-generation-of-computing\/&amp;currurl=https:\/\/www.pcforalla.se\/article\/3032031\/microsoft-uppgradera-till-en-ai-dator-annars-missar-du-nasta-generations-pc.html&amp;ref=8-1-3032031-1-0-0-0-0\" rel=\"nofollow noopener\" data-subtag=\"8-1-3032031-1-0-0-0-0\" data-domain-name=\"windowslatest\" target=\"_blank\">Windows Latest<\/a>. <\/p>\n<p>F\u00f6r att r\u00e4knas som en Copilot Plus-dator kr\u00e4vs minst 16 gigabyte RAM, 256 gigabyte lagring och en Neural Processing Unit (NPU) p\u00e5 \u00f6ver 40 TOPS (trillion operations per second). En NPU anv\u00e4nds f\u00f6r lokala AI- och maskininl\u00e4rningsuppgifter. \u00c4ldre s\u00e5 kallade AI-datorer med svagare NPU, till exempel 10 TOPS, hamnar d\u00e4rmed utanf\u00f6r.<\/p>\n<p>Microsoft beskriver Copilot Plus-datorerna som byggda f\u00f6r framtida AI-funktioner och lyfter bland annat fram en s\u00e4rskild Copilot-knapp p\u00e5 tangentbordet, funktionen Recall som skapar en s\u00f6kbar tidslinje \u00f6ver datoranv\u00e4ndningen, Live Captions med \u00f6vers\u00e4ttningar mellan \u00f6ver 40 spr\u00e5k samt lokala AI-verktyg i Paint, Foton och Studio Effects.<\/p>\n<p>Samtidigt har Microsoft f\u00e5tt kritik f\u00f6r hur h\u00e5rt bolaget driver igenom sina AI-funktioner, i vissa fall s\u00e5 l\u00e5ngt att f\u00f6retaget p\u00e5 n\u00e4tet b\u00f6rjat kallas f\u00f6r \u201d<a href=\"https:\/\/www.pcforalla.se\/article\/3031093\/nytt-chrome-tillagg-byter-namn-pa-microsoft-till-microslop.html\" rel=\"nofollow noopener\" target=\"_blank\">Microslop<\/a>\u201d. Datortillverkaren Dell har dessutom bekr\u00e4ftat att intresset f\u00f6r AI-datorer hittills <a href=\"https:\/\/www.pcforalla.se\/article\/3031054\/dell-bekraftar-intresset-for-ai-datorer-ar-klent.html\" rel=\"nofollow noopener\" target=\"_blank\">varit svalt<\/a>.<\/p>\n","protected":false},"excerpt":{"rendered":"Microsoft uppmanar nu anv\u00e4ndare att uppgradera till s\u00e5 kallade Copilot Plus-datorer med s\u00e4rskilt AI-st\u00f6d f\u00f6r att vara \u201dredo&hellip;\n","protected":false},"author":2,"featured_media":135387,"comment_status":"","ping_status":"","sticky":false,"template":"","format":"standard","meta":{"footnotes":""},"categories":[66],"tags":[80,78,79,34,31,33,32,30,81,84,83,82],"class_list":{"0":"post-135386","1":"post","2":"type-post","3":"status-publish","4":"format-standard","5":"has-post-thumbnail","7":"category-vetenskap-och-teknik","8":"tag-science","9":"tag-science-and-technology","10":"tag-scienceandtechnology","11":"tag-se","12":"tag-svenska","13":"tag-sverige","14":"tag-sweden","15":"tag-swedish","16":"tag-technology","17":"tag-teknik","18":"tag-vetenskap","19":"tag-vetenskapteknik"},"share_on_mastodon":{"url":"https:\/\/pubeurope.com\/@se\/115892811428430577","error":""},"_links":{"self":[{"href":"https:\/\/www.europesays.com\/se\/wp-json\/wp\/v2\/posts\/135386","targetHints":{"allow":["GET"]}}],"collection":[{"href":"https:\/\/www.europesays.com\/se\/wp-json\/wp\/v2\/posts"}],"about":[{"href":"https:\/\/www.europesays.com\/se\/wp-json\/wp\/v2\/types\/post"}],"author":[{"embeddable":true,"href":"https:\/\/www.europesays.com\/se\/wp-json\/wp\/v2\/users\/2"}],"replies":[{"embeddable":true,"href":"https:\/\/www.europesays.com\/se\/wp-json\/wp\/v2\/comments?post=135386"}],"version-history":[{"count":0,"href":"https:\/\/www.europesays.com\/se\/wp-json\/wp\/v2\/posts\/135386\/revisions"}],"wp:featuredmedia":[{"embeddable":true,"href":"https:\/\/www.europesays.com\/se\/wp-json\/wp\/v2\/media\/135387"}],"wp:attachment":[{"href":"https:\/\/www.europesays.com\/se\/wp-json\/wp\/v2\/media?parent=135386"}],"wp:term":[{"taxonomy":"category","embeddable":true,"href":"https:\/\/www.europesays.com\/se\/wp-json\/wp\/v2\/categories?post=135386"},{"taxonomy":"post_tag","embeddable":true,"href":"https:\/\/www.europesays.com\/se\/wp-json\/wp\/v2\/tags?post=135386"}],"curies":[{"name":"wp","href":"https:\/\/api.w.org\/{rel}","templated":true}]}}