{"id":135390,"date":"2026-01-14T09:47:10","date_gmt":"2026-01-14T09:47:10","guid":{"rendered":"https:\/\/www.europesays.com\/se\/135390\/"},"modified":"2026-01-14T09:47:10","modified_gmt":"2026-01-14T09:47:10","slug":"hojd-pensionsalder-ett-enormt-svek-mot-arbetare-arbetet","status":"publish","type":"post","link":"https:\/\/www.europesays.com\/se\/135390\/","title":{"rendered":"\u201dH\u00f6jd pensions\u00e5lder ett enormt svek mot arbetare\u201d \u2013 Arbetet"},"content":{"rendered":"<p>Varannan medlem i IF Metall tror inte att de kommer orka eller kunna arbeta till 67 \u00e5rs \u00e5lder. Men fr\u00e5n och med i \u00e5r \u00e4r det den nya pensions\u00e5ldern till f\u00f6ljd av att medellivsl\u00e4ngden har \u00f6kat, framf\u00f6r allt f\u00f6r tj\u00e4nstem\u00e4n. <\/p>\n<p>Det \u00e4r inte h\u00e5llbart och det \u00e4r inte r\u00e4ttvist.<\/p>\n<p>Nyligen presenterade Inspektionen f\u00f6r Socialf\u00f6rs\u00e4kringen (ISF) en <a href=\"https:\/\/isf.se\/publikationer\/rapporter\/2025\/2025-12-11-effekter-av-hojda-aldersgranser-i-pensionssystemet\" rel=\"nofollow noopener\" target=\"_blank\">utv\u00e4rdering<\/a> av f\u00f6reg\u00e5ende h\u00f6jning av pensions\u00e5ldern. Det \u00e4r nedsl\u00e5ende slutsatser, s\u00e4rskilt f\u00f6r de som trodde att allt som kr\u00e4vdes f\u00f6r att f\u00f6rl\u00e4nga arbetslivet var tv\u00e5ng.<\/p>\n<p>M\u00e5ste orka arbeta<\/p>\n<p>Resultatet visar att vi g\u00e5r i pension senare, men vi arbetar inte mycket l\u00e4ngre. 15\u00a0000 f\u00e4rre gick i pension vid 65 \u00e5r. Men endast 1 500 fler arbetar vid 65 \u00e5r, fr\u00e4mst de som redan var i arbete. <\/p>\n<p>Vi f\u00e5r inte m\u00e4nniskor att orka arbeta fler \u00e5r genom att f\u00f6rs\u00e4mra pensionen, i st\u00e4llet kr\u00e4vs en b\u00e4ttre arbetsmarknad, b\u00e4ttre arbetsmilj\u00f6 och b\u00e4ttre h\u00e4lsa.<\/p>\n<p>Jobba l\u00e4ngre har blivit ett tv\u00e5ng<\/p>\n<p>F\u00f6r dem som lever l\u00e4ngre och har flera friska \u00e5r framf\u00f6r sig \u00e4r det ocks\u00e5 rimligt att jobba l\u00e4ngre f\u00f6r att f\u00e5 en l\u00e4ngre pension. <\/p>\n<p>Men s\u00e5 ser verkligheten inte ut f\u00f6r en stor grupp m\u00e4nniskor. Det blir tydligt i ISF:s utv\u00e4rdering. H\u00f6jd pensions\u00e5lder blir snarare ett tv\u00e5ng\u00a0\u00e4n ett val, trots att m\u00e5nga saknar ork eller \u00e4r skadade efter ett slitsamt arbetsliv. <\/p>\n<p>Det har vi ocks\u00e5 kunnat konstatera i IF Metalls egen <a href=\"https:\/\/www.ifmetall.se\/aktuellt\/pensionsutredning\/\" rel=\"nofollow noopener\" target=\"_blank\">pensionsutredning<\/a>.<\/p>\n<p>Riskerna i v\u00e5ra medlemmars arbetsmilj\u00f6 leder ofta till skador och utslitning, och ett f\u00f6r tidigt slut p\u00e5 arbetslivet. <\/p>\n<p>Den f\u00f6rs\u00e4mrade livskvalitet som f\u00f6ljer p\u00e5 skadan i sig f\u00f6rv\u00e4rras ytterligare n\u00e4r pensionen blir l\u00e4gre \u00e4n den annars skulle varit, p\u00e5 grund av en f\u00f6rtida pension.<\/p>\n<p>Regeringen har svikit<\/p>\n<p>N\u00e4r den h\u00f6jda pensions\u00e5ldern <a href=\"https:\/\/www.regeringen.se\/contentassets\/cf23cff3664b49da8b3c34b8a85ec83a\/pensionsgruppens-overenskommelse-om-langsiktigt-hojda-och-trygga-pensioner.pdf\" rel=\"nofollow noopener\" target=\"_blank\">beslutades<\/a> 2017 skulle det f\u00f6ljas av en rad andra \u00e5tg\u00e4rder. Det skulle inf\u00f6ras en s\u00e4rskild undantagsregel f\u00f6r personer med ett l\u00e5ngt arbetsliv (44 \u00e5r), n\u00e5got vi inte sett skymten av \u00e4nnu.<\/p>\n<p>Arbetsmilj\u00f6relaterade \u00e5tg\u00e4rder skulle f\u00f6rst\u00e4rkas genom bland annat Myndigheten f\u00f6r arbetsmilj\u00f6kunskap, en myndighet som nu i st\u00e4llet har avvecklats.<\/p>\n<p>En h\u00f6jd pensions\u00e5lder \u00e4r ett svek mot Sveriges arbetstagare n\u00e4r regeringen v\u00e4grar g\u00f6ra sitt f\u00f6r att underl\u00e4tta ett l\u00e4ngre arbetsliv. Industriarbetare d\u00f6r i genomsnitt tidigare och tvingas g\u00e5 i pension tidigare p\u00e5 grund av sina omst\u00e4ndigheter och sitt arbete. <\/p>\n<p>Det kan vi aldrig acceptera.<\/p>\n<p>Arbetare f\u00e5r betala priset<\/p>\n<p>Att varannan IF Metall-medlem tror att de kommer beh\u00f6va l\u00e4mna arbetslivet tidigt p\u00e5 grund av att de slitit i ett helt arbetsliv \u00e4r ett misslyckande. Att de samtidigt m\u00e5ste finansiera det tidiga uttr\u00e4det sj\u00e4lva \u00e4r ett svek.<\/p>\n<p>Ingen ska sj\u00e4lv beh\u00f6va betala priset f\u00f6r ett slitsamt arbetsliv.<\/p>\n<p>D\u00e4rf\u00f6r kr\u00e4ver vi att den s\u00e5 kallade trygghetspensionen utvecklas, s\u00e5 fler kan l\u00e4mna arbetslivet n\u00e4r de beh\u00f6ver det utan att betala priset sj\u00e4lv, att pensions\u00e5ldersh\u00f6jningarna saktar ner och att omfattande arbetsmilj\u00f6insatser inf\u00f6rs.<\/p>\n<dl class=\"SignatureList-list\" role=\"list\">\n<p><dt class=\"SignatureList-name\">Marie Nilsson<\/dt>\n<dd class=\"SignatureList-title\">f\u00f6rbundsordf\u00f6rande IF Metall<\/dd>\n<\/p>\n<p><dt class=\"SignatureList-name\">Tomas With<\/dt>\n<dd class=\"SignatureList-title\">vice f\u00f6rbundsordf\u00f6rande IF Metall<\/dd>\n<\/p>\n<\/dl>\n","protected":false},"excerpt":{"rendered":"Varannan medlem i IF Metall tror inte att de kommer orka eller kunna arbeta till 67 \u00e5rs \u00e5lder.&hellip;\n","protected":false},"author":2,"featured_media":135391,"comment_status":"","ping_status":"","sticky":false,"template":"","format":"standard","meta":{"footnotes":""},"categories":[12],"tags":[22,23,26,27,17,21,24,25,28,29,15,16,18,34,31,33,32,30,19,20],"class_list":{"0":"post-135390","1":"post","2":"type-post","3":"status-publish","4":"format-standard","5":"has-post-thumbnail","7":"category-sverige","8":"tag-breaking-news","9":"tag-breakingnews","10":"tag-featured-news","11":"tag-featurednews","12":"tag-headlines","13":"tag-huvudnyheter","14":"tag-latest-news","15":"tag-latestnews","16":"tag-main-news","17":"tag-mainnews","18":"tag-news","19":"tag-nyheter","20":"tag-rubriker","21":"tag-se","22":"tag-svenska","23":"tag-sverige","24":"tag-sweden","25":"tag-swedish","26":"tag-top-stories","27":"tag-topstories"},"share_on_mastodon":{"url":"https:\/\/pubeurope.com\/@se\/115892823278524698","error":""},"_links":{"self":[{"href":"https:\/\/www.europesays.com\/se\/wp-json\/wp\/v2\/posts\/135390","targetHints":{"allow":["GET"]}}],"collection":[{"href":"https:\/\/www.europesays.com\/se\/wp-json\/wp\/v2\/posts"}],"about":[{"href":"https:\/\/www.europesays.com\/se\/wp-json\/wp\/v2\/types\/post"}],"author":[{"embeddable":true,"href":"https:\/\/www.europesays.com\/se\/wp-json\/wp\/v2\/users\/2"}],"replies":[{"embeddable":true,"href":"https:\/\/www.europesays.com\/se\/wp-json\/wp\/v2\/comments?post=135390"}],"version-history":[{"count":0,"href":"https:\/\/www.europesays.com\/se\/wp-json\/wp\/v2\/posts\/135390\/revisions"}],"wp:featuredmedia":[{"embeddable":true,"href":"https:\/\/www.europesays.com\/se\/wp-json\/wp\/v2\/media\/135391"}],"wp:attachment":[{"href":"https:\/\/www.europesays.com\/se\/wp-json\/wp\/v2\/media?parent=135390"}],"wp:term":[{"taxonomy":"category","embeddable":true,"href":"https:\/\/www.europesays.com\/se\/wp-json\/wp\/v2\/categories?post=135390"},{"taxonomy":"post_tag","embeddable":true,"href":"https:\/\/www.europesays.com\/se\/wp-json\/wp\/v2\/tags?post=135390"}],"curies":[{"name":"wp","href":"https:\/\/api.w.org\/{rel}","templated":true}]}}