{"id":135392,"date":"2026-01-14T09:48:10","date_gmt":"2026-01-14T09:48:10","guid":{"rendered":"https:\/\/www.europesays.com\/se\/135392\/"},"modified":"2026-01-14T09:48:10","modified_gmt":"2026-01-14T09:48:10","slug":"fotboll-maximilian-ibrahimovic-klar-for-ajax","status":"publish","type":"post","link":"https:\/\/www.europesays.com\/se\/135392\/","title":{"rendered":"Fotboll: Maximilian Ibrahimovic klar f\u00f6r Ajax"},"content":{"rendered":"<p>Utl\u00e5ningen str\u00e4cker sig \u00f6ver de kommande sex m\u00e5naderna. Ajax innehar en k\u00f6poption. Enligt nederl\u00e4ndska <a href=\"https:\/\/www.telegraaf.nl\/sport\/voetbal\/ajax-bevestigt-komst-maximilian-ibrahimovic-19-ik-ben-hier-om-mijn-eigen-ding-te-doen\/122873035.html\" rel=\"nofollow noopener\" target=\"_blank\">De Telegraaf <\/a>kan han k\u00f6pas loss f\u00f6r motsvarande 37 miljoner kronor. <\/p>\n<p>Han l\u00e5nas ut fr\u00e5n Milan Futuro \u2013 Milans andralag som spelar i Serie D.<\/p>\n<p>\u2013 Han kommer till en b\u00f6rjan framf\u00f6r allt att spela med Ajax U23 och kommer regelbundet att g\u00e5 mellan U23-laget och A-laget under s\u00e4songen, s\u00e5 att han kan v\u00e4nja sig vid intensiteten, s\u00e4ger Ajax fotbollsdirekt\u00f6r Marijn Beuker i en kommentar. <\/p>\n<p>\u201dCoolt att pappa spelade h\u00e4r\u201d <\/p>\n<p>Maximilian Ibrahimovics pappa Zlatan Ibrahimovic spelade 110 matcher f\u00f6r Ajax i b\u00f6rjan av 2000-talet. <\/p>\n<p>\u2013 Det \u00e4r coolt att pappa spelade f\u00f6r Ajax. Jag \u00e4r glad \u00f6ver att jag ocks\u00e5 f\u00e5r m\u00f6jligheten att spela h\u00e4r. Ibrahimovic \u00e4r bara ett namn, och jag \u00e4r bara Maximilian, s\u00e4ger anfallaren \u2013 som kommer b\u00e4ra nummer 27 \u2013 i ett videoklipp p\u00e5 Ajax hemsida. <\/p>\n<p>Maximilian \u00e4r Zlatans \u00e4ldste son. <\/p>\n<p>Yngste sonen Vincent, 17, spelar i Milans U18-lag. <\/p>\n","protected":false},"excerpt":{"rendered":"Utl\u00e5ningen str\u00e4cker sig \u00f6ver de kommande sex m\u00e5naderna. Ajax innehar en k\u00f6poption. Enligt nederl\u00e4ndska De Telegraaf kan han&hellip;\n","protected":false},"author":2,"featured_media":135393,"comment_status":"","ping_status":"","sticky":false,"template":"","format":"standard","meta":{"footnotes":""},"categories":[5],"tags":[22,23,26,27,17,21,24,25,28,29,15,16,18,34,31,33,32,30,19,20],"class_list":{"0":"post-135392","1":"post","2":"type-post","3":"status-publish","4":"format-standard","5":"has-post-thumbnail","7":"category-rubriker","8":"tag-breaking-news","9":"tag-breakingnews","10":"tag-featured-news","11":"tag-featurednews","12":"tag-headlines","13":"tag-huvudnyheter","14":"tag-latest-news","15":"tag-latestnews","16":"tag-main-news","17":"tag-mainnews","18":"tag-news","19":"tag-nyheter","20":"tag-rubriker","21":"tag-se","22":"tag-svenska","23":"tag-sverige","24":"tag-sweden","25":"tag-swedish","26":"tag-top-stories","27":"tag-topstories"},"share_on_mastodon":{"url":"https:\/\/pubeurope.com\/@se\/115892827119197512","error":""},"_links":{"self":[{"href":"https:\/\/www.europesays.com\/se\/wp-json\/wp\/v2\/posts\/135392","targetHints":{"allow":["GET"]}}],"collection":[{"href":"https:\/\/www.europesays.com\/se\/wp-json\/wp\/v2\/posts"}],"about":[{"href":"https:\/\/www.europesays.com\/se\/wp-json\/wp\/v2\/types\/post"}],"author":[{"embeddable":true,"href":"https:\/\/www.europesays.com\/se\/wp-json\/wp\/v2\/users\/2"}],"replies":[{"embeddable":true,"href":"https:\/\/www.europesays.com\/se\/wp-json\/wp\/v2\/comments?post=135392"}],"version-history":[{"count":0,"href":"https:\/\/www.europesays.com\/se\/wp-json\/wp\/v2\/posts\/135392\/revisions"}],"wp:featuredmedia":[{"embeddable":true,"href":"https:\/\/www.europesays.com\/se\/wp-json\/wp\/v2\/media\/135393"}],"wp:attachment":[{"href":"https:\/\/www.europesays.com\/se\/wp-json\/wp\/v2\/media?parent=135392"}],"wp:term":[{"taxonomy":"category","embeddable":true,"href":"https:\/\/www.europesays.com\/se\/wp-json\/wp\/v2\/categories?post=135392"},{"taxonomy":"post_tag","embeddable":true,"href":"https:\/\/www.europesays.com\/se\/wp-json\/wp\/v2\/tags?post=135392"}],"curies":[{"name":"wp","href":"https:\/\/api.w.org\/{rel}","templated":true}]}}