{"id":135398,"date":"2026-01-14T09:52:06","date_gmt":"2026-01-14T09:52:06","guid":{"rendered":"https:\/\/www.europesays.com\/se\/135398\/"},"modified":"2026-01-14T09:52:06","modified_gmt":"2026-01-14T09:52:06","slug":"apple-lanserar-creator-studio-allt-kreatorer-behover-i-ett-enda-abonnemang","status":"publish","type":"post","link":"https:\/\/www.europesays.com\/se\/135398\/","title":{"rendered":"Apple lanserar Creator Studio &#8211; allt kreat\u00f6rer beh\u00f6ver i ett enda abonnemang"},"content":{"rendered":"<p class=\"p1\"><strong>Apple<\/strong> kliver in \u00e4nnu tyngre i creator-v\u00e4rlden. Med nya <strong>Apple Creator Studio<\/strong> samlar f\u00f6retaget sina mest kraftfulla kreativitetsappar i ett enda abonnemang, designat f\u00f6r alla som jobbar med video, musik, design, content och visuellt uttryck. Final Cut Pro, Logic Pro, Pixelmator Pro, Motion, Compressor och MainStage finns nu i samma paket, tillsammans med nya AI-funktioner och premiuminneh\u00e5ll i Keynote, Pages, Numbers och Freeform.<\/p>\n<p class=\"p1\">Apple Creator Studio \u00e4r byggt f\u00f6r hela den kreativa resan. Fr\u00e5n f\u00f6rsta id\u00e9 till f\u00e4rdigt content. Oavsett om du klipper YouTube-videos, producerar musik, skapar grafik f\u00f6r sociala medier eller bygger presentationer, ska allt nu kunna ske s\u00f6ml\u00f6st mellan Mac, iPad och iPhone. Apple vill att du ska kunna skapa var som helst, n\u00e4r som helst, utan att k\u00e4nna att du kompromissar med kvaliteten.<\/p>\n<p class=\"p1\">En stor del av satsningen ligger i nya smarta funktioner. <strong>Final Cut Pro<\/strong> f\u00e5r bland annat Transcript Search, som l\u00e5ter dig s\u00f6ka i ljudet genom text, och Visual Search, d\u00e4r du kan hitta specifika klipp genom att s\u00f6ka efter objekt eller handlingar i videon. Det g\u00f6r redigering av intervjuer, poddar och vloggar betydligt snabbare. Dessutom introduceras Beat Detection, som automatiskt visar musikens takt i tidslinjen s\u00e5 att klipp kan synkas perfekt till beatet, n\u00e5got som l\u00e4r bli guld f\u00f6r alla som jobbar med snabba sociala format.<\/p>\n<p class=\"p1\">P\u00e5 iPad f\u00e5r Final Cut Pro \u00e4ven Montage Maker, d\u00e4r AI analyserar materialet och klipper ihop en f\u00e4rdig video p\u00e5 n\u00e5gra sekunder. Perfekt f\u00f6r Reels, TikTok och Shorts n\u00e4r tempot \u00e4r h\u00f6gt och tiden knapp.<\/p>\n<p class=\"p1\">Inom musikv\u00e4rlden tar <strong>Logic Pro<\/strong> ett rej\u00e4lt kliv fram\u00e5t. Med nya Synth Player f\u00e5r anv\u00e4ndare tillg\u00e5ng till en AI-driven syntmusiker som kan spela ackord och basg\u00e5ngar i olika stilar. Det \u00e4r som att ha en session-musiker redo direkt i datorn. Samtidigt introduceras Chord ID, som analyserar ljud eller MIDI och omvandlar det till f\u00e4rdiga ackordf\u00f6ljder. F\u00f6r alla som bygger l\u00e5tar snabbt, jobbar med demos eller bara vill f\u00e5 ner id\u00e9er utan att fastna i teknik, \u00e4r det h\u00e4r ett riktigt lyft.<\/p>\n<p class=\"p1\">Apple satsar ocks\u00e5 h\u00e5rt p\u00e5 att g\u00f6ra s\u00f6kandet efter r\u00e4tt ljud enklare. I Logic Pro kan du nu anv\u00e4nda naturligt spr\u00e5k f\u00f6r att hitta loopar, ist\u00e4llet f\u00f6r att bl\u00e4ddra i menyer och filter. Skriv vad du vill ha, och systemet l\u00f6ser resten.<\/p>\n<p class=\"p1\">En av de st\u00f6rsta nyheterna \u00e4r att <strong>Pixelmator Pro<\/strong> nu kommer till iPad. F\u00f6r f\u00f6rsta g\u00e5ngen f\u00e5r iPad-anv\u00e4ndare tillg\u00e5ng till samma kraftfulla bildredigering som p\u00e5 Mac, fullt optimerad f\u00f6r touch och Apple Pencil. Det inneb\u00e4r att du kan designa, rita, retuschera och bygga visuella projekt direkt p\u00e5 surfplattan, med professionell precision. Med funktioner som Warp, Super Resolution, Auto Crop och avancerade masker blir iPad ett fullv\u00e4rdigt verktyg f\u00f6r designers och kreat\u00f6rer, inte bara ett komplement.<\/p>\n<p class=\"p1\">\u00c4ven Apples produktivitetsappar f\u00e5r en tydlig upgrade. Keynote, Pages, Numbers och Freeform f\u00e5r nytt premiuminneh\u00e5ll, smartare mallar, AI-baserade bildverktyg och funktioner som g\u00f6r det enklare att skapa presentationer, dokument och visuella id\u00e9er. Bland annat g\u00e5r det att generera presentationer fr\u00e5n text, snygga till layout automatiskt och anv\u00e4nda Magic Fill i Numbers f\u00f6r att fylla i data baserat p\u00e5 m\u00f6nster.<\/p>\n<p class=\"p1\">Allt det h\u00e4r ing\u00e5r i Apple Creator Studio, som sl\u00e4pps den <strong>28 januari<\/strong>. Priset ligger p\u00e5 <strong>149 kronor i m\u00e5naden<\/strong> eller <strong>1 490 kronor per \u00e5r<\/strong>, med en gratis provperiod p\u00e5 en m\u00e5nad. Studenter och l\u00e4rare f\u00e5r ett kraftigt rabatterat pris p\u00e5 <strong>29 kronor i m\u00e5naden<\/strong>. Abonnemanget kan delas med upp till sex personer via Familjedelning.<\/p>\n<p class=\"p1\">Det Apple g\u00f6r h\u00e4r \u00e4r tydligt: de vill \u00e4ga hela creator-ekosystemet. Fr\u00e5n musik och video till design, presentationer och publicering. Med AI i ryggen och alla verktyg samlade i ett fl\u00f6de positionerar de Creator Studio som ett nav f\u00f6r n\u00e4sta generations kreat\u00f6rer.<\/p>\n<p class=\"p1\">Oavsett om du bygger varum\u00e4rke p\u00e5 sociala medier, producerar musik i sovrummet, klipper videos till YouTube eller skapar content f\u00f6r klienter, s\u00e5 \u00e4r det h\u00e4r ett paket som kan f\u00f6r\u00e4ndra hur du jobbar.<\/p>\n","protected":false},"excerpt":{"rendered":"Apple kliver in \u00e4nnu tyngre i creator-v\u00e4rlden. Med nya Apple Creator Studio samlar f\u00f6retaget sina mest kraftfulla kreativitetsappar&hellip;\n","protected":false},"author":2,"featured_media":135399,"comment_status":"","ping_status":"","sticky":false,"template":"","format":"standard","meta":{"footnotes":""},"categories":[66],"tags":[391,13695,13696,13697,13698,80,78,79,34,31,33,32,30,81,84,83,82],"class_list":{"0":"post-135398","1":"post","2":"type-post","3":"status-publish","4":"format-standard","5":"has-post-thumbnail","7":"category-vetenskap-och-teknik","8":"tag-apple","9":"tag-apple-creator-studio","10":"tag-final-cut-pro","11":"tag-logic-pro","12":"tag-pixelmator-pro","13":"tag-science","14":"tag-science-and-technology","15":"tag-scienceandtechnology","16":"tag-se","17":"tag-svenska","18":"tag-sverige","19":"tag-sweden","20":"tag-swedish","21":"tag-technology","22":"tag-teknik","23":"tag-vetenskap","24":"tag-vetenskapteknik"},"share_on_mastodon":{"url":"https:\/\/pubeurope.com\/@se\/115892842868323585","error":""},"_links":{"self":[{"href":"https:\/\/www.europesays.com\/se\/wp-json\/wp\/v2\/posts\/135398","targetHints":{"allow":["GET"]}}],"collection":[{"href":"https:\/\/www.europesays.com\/se\/wp-json\/wp\/v2\/posts"}],"about":[{"href":"https:\/\/www.europesays.com\/se\/wp-json\/wp\/v2\/types\/post"}],"author":[{"embeddable":true,"href":"https:\/\/www.europesays.com\/se\/wp-json\/wp\/v2\/users\/2"}],"replies":[{"embeddable":true,"href":"https:\/\/www.europesays.com\/se\/wp-json\/wp\/v2\/comments?post=135398"}],"version-history":[{"count":0,"href":"https:\/\/www.europesays.com\/se\/wp-json\/wp\/v2\/posts\/135398\/revisions"}],"wp:featuredmedia":[{"embeddable":true,"href":"https:\/\/www.europesays.com\/se\/wp-json\/wp\/v2\/media\/135399"}],"wp:attachment":[{"href":"https:\/\/www.europesays.com\/se\/wp-json\/wp\/v2\/media?parent=135398"}],"wp:term":[{"taxonomy":"category","embeddable":true,"href":"https:\/\/www.europesays.com\/se\/wp-json\/wp\/v2\/categories?post=135398"},{"taxonomy":"post_tag","embeddable":true,"href":"https:\/\/www.europesays.com\/se\/wp-json\/wp\/v2\/tags?post=135398"}],"curies":[{"name":"wp","href":"https:\/\/api.w.org\/{rel}","templated":true}]}}