{"id":135400,"date":"2026-01-14T09:53:06","date_gmt":"2026-01-14T09:53:06","guid":{"rendered":"https:\/\/www.europesays.com\/se\/135400\/"},"modified":"2026-01-14T09:53:06","modified_gmt":"2026-01-14T09:53:06","slug":"det-hander-med-ditt-sparande-om-avanza-gar-i-konkurs","status":"publish","type":"post","link":"https:\/\/www.europesays.com\/se\/135400\/","title":{"rendered":"Det h\u00e4nder med ditt sparande om Avanza g\u00e5r i konkurs\u00a0"},"content":{"rendered":"<p>Avanza \u00e4r mellanhand \u2013 inte \u00e4gare<\/p>\n<p>N\u00e4r du k\u00f6per aktier via Avanza sker aff\u00e4ren i bankens namn, men f\u00f6r din r\u00e4kning. Det inneb\u00e4r att banken fungerar som mellanhand, medan du som kund fortfarande \u00e4ger aktierna.<\/p>\n<p>Regelverket kr\u00e4ver att kundernas v\u00e4rdepapper h\u00e5lls \u00e5tskilda fr\u00e5n bankens egna tillg\u00e5ngar. Om detta f\u00f6ljs ska kundernas aktier inte p\u00e5verkas av en konkurs.<\/p>\n<p>Avanza sj\u00e4lva beskriver det s\u00e5 h\u00e4r:<\/p>\n<p>\u201cVi \u00e4r \u2026 skyldiga att h\u00e5lla dina v\u00e4rdepapper avskilda fr\u00e5n bankens tillg\u00e5ngar, och p\u00e5 det s\u00e4ttet kan aldrig dina tillg\u00e5ngar blandas ihop med bankens tillg\u00e5ngar. Om vi skulle g\u00e5 i konkurs har du r\u00e4tt att f\u00e5 ut dina v\u00e4rdepapper fr\u00e5n konkursboet och flytta dem till en annan bank\u201d.\u00a0<\/p>\n<p>N\u00e4r kan det bli problem?<\/p>\n<p>Riskerna uppst\u00e5r f\u00f6rst om banken missk\u00f6tt sitt uppdrag eller om brottslighet f\u00f6rekommit, s\u00e5 att kundernas tillg\u00e5ngar blandats ihop med bankens egna. I ett s\u00e5dant l\u00e4ge kan det statliga investerarskyddet bli aktuellt.<\/p>\n<p>Investerarskyddet administreras av Riksg\u00e4ldskontoret och \u00e4r begr\u00e4nsat till h\u00f6gst 250 000 kronor. Det \u00e4r ett skyddsn\u00e4t \u2013 men inte j\u00e4mf\u00f6rbart med ins\u00e4ttningsgarantin och inte kopplat till aktiernas marknadsv\u00e4rde.<\/p>\n<p>Viktigt att k\u00e4nna till skydden<\/p>\n<p>Stefan Ingves betonar att aktiesparande alltid inneb\u00e4r risk och att det \u00e4r viktigt att f\u00f6rst\u00e5 vilka skydd som finns och vilka som inte g\u00f6r det. <\/p>\n<p>F\u00f6r den som vill f\u00f6rdjupa sig finns regelverken tydligt beskrivna i den lagstiftning som styr omr\u00e5det.<\/p>\n<p><strong>L\u00e4s ocks\u00e5: <\/strong><a href=\"https:\/\/www.realtid.se\/spara-placera\/hyllad-techfond-floppade-avanza-avslutar-samarbetet\/\" rel=\"nofollow noopener\" target=\"_blank\">Hyllad techfond floppade \u2013 Avanza avslutar samarbetet. Realtid<\/a><\/p>\n<p>L\u00e4s mer fr\u00e5n E55 &#8211; v\u00e5rt nyhetsbrev \u00e4r kostnadsfritt:Prenumerera<\/p>\n","protected":false},"excerpt":{"rendered":"Avanza \u00e4r mellanhand \u2013 inte \u00e4gare N\u00e4r du k\u00f6per aktier via Avanza sker aff\u00e4ren i bankens namn, men&hellip;\n","protected":false},"author":2,"featured_media":135401,"comment_status":"","ping_status":"","sticky":false,"template":"","format":"standard","meta":{"footnotes":""},"categories":[65],"tags":[777,337,72,70,71,34,1142,31,33,32,30],"class_list":{"0":"post-135400","1":"post","2":"type-post","3":"status-publish","4":"format-standard","5":"has-post-thumbnail","7":"category-ekonomi","8":"tag-aktier","9":"tag-avanza","10":"tag-business","11":"tag-economy","12":"tag-ekonomi","13":"tag-se","14":"tag-sparande","15":"tag-svenska","16":"tag-sverige","17":"tag-sweden","18":"tag-swedish"},"share_on_mastodon":{"url":"https:\/\/pubeurope.com\/@se\/115892846770027194","error":""},"_links":{"self":[{"href":"https:\/\/www.europesays.com\/se\/wp-json\/wp\/v2\/posts\/135400","targetHints":{"allow":["GET"]}}],"collection":[{"href":"https:\/\/www.europesays.com\/se\/wp-json\/wp\/v2\/posts"}],"about":[{"href":"https:\/\/www.europesays.com\/se\/wp-json\/wp\/v2\/types\/post"}],"author":[{"embeddable":true,"href":"https:\/\/www.europesays.com\/se\/wp-json\/wp\/v2\/users\/2"}],"replies":[{"embeddable":true,"href":"https:\/\/www.europesays.com\/se\/wp-json\/wp\/v2\/comments?post=135400"}],"version-history":[{"count":0,"href":"https:\/\/www.europesays.com\/se\/wp-json\/wp\/v2\/posts\/135400\/revisions"}],"wp:featuredmedia":[{"embeddable":true,"href":"https:\/\/www.europesays.com\/se\/wp-json\/wp\/v2\/media\/135401"}],"wp:attachment":[{"href":"https:\/\/www.europesays.com\/se\/wp-json\/wp\/v2\/media?parent=135400"}],"wp:term":[{"taxonomy":"category","embeddable":true,"href":"https:\/\/www.europesays.com\/se\/wp-json\/wp\/v2\/categories?post=135400"},{"taxonomy":"post_tag","embeddable":true,"href":"https:\/\/www.europesays.com\/se\/wp-json\/wp\/v2\/tags?post=135400"}],"curies":[{"name":"wp","href":"https:\/\/api.w.org\/{rel}","templated":true}]}}