{"id":135406,"date":"2026-01-14T09:57:07","date_gmt":"2026-01-14T09:57:07","guid":{"rendered":"https:\/\/www.europesays.com\/se\/135406\/"},"modified":"2026-01-14T09:57:07","modified_gmt":"2026-01-14T09:57:07","slug":"koleraamne-provas-mot-cancer-i-svensk-studie","status":"publish","type":"post","link":"https:\/\/www.europesays.com\/se\/135406\/","title":{"rendered":"Kolera\u00e4mne pr\u00f6vas mot cancer i svensk studie"},"content":{"rendered":"<p>Kolerabakterier har inget gott rykte, men i Ume\u00e5 har forskare funnit en ov\u00e4ntad anv\u00e4ndning f\u00f6r dem \u2013 som del av en potentiell framtida behandling mot cancer.<\/p>\n<p>            den 14 januari 2026 10:40<\/p>\n<p>Kolorektalcancer \u00e4r den tredje vanligaste cancerformen, och globalt har den h\u00f6g d\u00f6dlighet. Idag behandlas sjukdomen fr\u00e4mst med kirurgi, str\u00e5lning och cellgiftsbehandling, men det inneb\u00e4r ofta omfattande biverkningar.<\/p>\n<p>Behovet \u00e4r stort av andra metoder, och en forskargrupp vid Ume\u00e5 universitet har nu unders\u00f6kt cancerh\u00e4mmande egenskaper hos \u00e4mnet MakA, ett cytotoxin som uts\u00f6ndras av bakterien Vibrio cholerae, som orsakar kolera.<\/p>\n<p>\n                        Ja, tack! Jag vill prenumerera p\u00e5 Life science Sweden under 1 m\u00e5nad. Ingen bindningstid Du f\u00e5r bland annat tillg\u00e5ng till e-tidning, nyhetsbrev och plusartiklar p\u00e5 hemsidan\n                    <\/p>\n<p>\n                    F\u00e5 tillg\u00e5ng till allt inneh\u00e5ll p\u00e5 Life Science Sweden\n                <\/p>\n<p>\n                    Ingen bindningstid eller kortinformation kr\u00e4vs\n                <\/p>\n<p>\n                        G\u00e4ller endast personlig prenumeration.\n                    <\/p>\n<p>                                            <a v-for=\"(project, index) in projects\" v-show=\"index &lt; max || showAll\" v-bind:href=\"'https:\/\/www.projektagenten.se\/project\/' + project.id\" target=\"_blank\" class=\"article-project\"><\/p>\n<p>                                                {{ project.name }}<br \/>\n                                                L\u00e4s om projektet<br \/>\n                                            <\/a><\/p>\n<p>                                                Alla relaterade projekt<\/p>\n","protected":false},"excerpt":{"rendered":"Kolerabakterier har inget gott rykte, men i Ume\u00e5 har forskare funnit en ov\u00e4ntad anv\u00e4ndning f\u00f6r dem \u2013 som&hellip;\n","protected":false},"author":2,"featured_media":135407,"comment_status":"","ping_status":"","sticky":false,"template":"","format":"standard","meta":{"footnotes":""},"categories":[69],"tags":[113,112,34,31,33,32,30],"class_list":{"0":"post-135406","1":"post","2":"type-post","3":"status-publish","4":"format-standard","5":"has-post-thumbnail","7":"category-halsa","8":"tag-halsa","9":"tag-health","10":"tag-se","11":"tag-svenska","12":"tag-sverige","13":"tag-sweden","14":"tag-swedish"},"share_on_mastodon":{"url":"https:\/\/pubeurope.com\/@se\/115892862525532044","error":""},"_links":{"self":[{"href":"https:\/\/www.europesays.com\/se\/wp-json\/wp\/v2\/posts\/135406","targetHints":{"allow":["GET"]}}],"collection":[{"href":"https:\/\/www.europesays.com\/se\/wp-json\/wp\/v2\/posts"}],"about":[{"href":"https:\/\/www.europesays.com\/se\/wp-json\/wp\/v2\/types\/post"}],"author":[{"embeddable":true,"href":"https:\/\/www.europesays.com\/se\/wp-json\/wp\/v2\/users\/2"}],"replies":[{"embeddable":true,"href":"https:\/\/www.europesays.com\/se\/wp-json\/wp\/v2\/comments?post=135406"}],"version-history":[{"count":0,"href":"https:\/\/www.europesays.com\/se\/wp-json\/wp\/v2\/posts\/135406\/revisions"}],"wp:featuredmedia":[{"embeddable":true,"href":"https:\/\/www.europesays.com\/se\/wp-json\/wp\/v2\/media\/135407"}],"wp:attachment":[{"href":"https:\/\/www.europesays.com\/se\/wp-json\/wp\/v2\/media?parent=135406"}],"wp:term":[{"taxonomy":"category","embeddable":true,"href":"https:\/\/www.europesays.com\/se\/wp-json\/wp\/v2\/categories?post=135406"},{"taxonomy":"post_tag","embeddable":true,"href":"https:\/\/www.europesays.com\/se\/wp-json\/wp\/v2\/tags?post=135406"}],"curies":[{"name":"wp","href":"https:\/\/api.w.org\/{rel}","templated":true}]}}