{"id":135413,"date":"2026-01-14T10:02:06","date_gmt":"2026-01-14T10:02:06","guid":{"rendered":"https:\/\/www.europesays.com\/se\/135413\/"},"modified":"2026-01-14T10:02:06","modified_gmt":"2026-01-14T10:02:06","slug":"venezuelas-biskopar-lat-skolorna-vara-platser-for-fred-och-ratt","status":"publish","type":"post","link":"https:\/\/www.europesays.com\/se\/135413\/","title":{"rendered":"Venezuelas biskopar: L\u00e5t skolorna vara platser f\u00f6r fred och r\u00e4tt"},"content":{"rendered":"<p>Mot bakgrund av den senaste tidens politiska utveckling i Venezuela, uppmanar landets biskopar barn och l\u00e4rare att inleda det nya skol\u00e5ret med hopp om att bygga ett samh\u00e4lle baserat p\u00e5 r\u00e4ttvisa, fred och demokrati&#13;\n<\/p>\n<p><b>Vatican News<\/b><\/p>\n<p>Ordf\u00f6randen f\u00f6r den venezuelanska biskopskonferensens utbildningskommission, biskop Carlos Enrique Curiel Herrera, uppmanar alla barn, ungdomar, unga och andra inom utbildningsv\u00e4sendet att anv\u00e4nda studiematerial och l\u00e4romedel f\u00f6r att skapa harmoni i landet. \u201dN\u00e4r vi \u00e5terv\u00e4nder till v\u00e5ra skolor i detta nya kalender\u00e5r vill v\u00e5r kommission s\u00e4nda en h\u00e4lsning fylld av hopp till varje l\u00e4rare, varje elev, varje familj och varje medlem som utg\u00f6r hela det nationella utbildningssamh\u00e4llet\u201d, sade biskopen.<\/p>\n<p>De venezuelanska biskoparna, tillade han, vill att utbildningen ska vara en \u201dplats d\u00e4r fred och r\u00e4ttvisa st\u00e4rks, med erk\u00e4nnandet att utbildningsmilj\u00f6n, trots sv\u00e5righeter, forts\u00e4tter att vara den heligaste platsen f\u00f6r att s\u00e5 fr\u00f6et till tro, engagemang f\u00f6r r\u00e4ttvisans v\u00e4rden och den frihet som styr v\u00e5r existens\u201d. Biskop Curiel Herrera uttryckte sin f\u00f6rhoppning att Herren f\u00e5r f\u00f6lja elever och l\u00e4rare \u201di varje steg ni tar; att Hans ljus, som uppenbarades i den epifani som just har firats, f\u00e5r lysa i era hj\u00e4rtan; och att gl\u00e4djen \u00f6ver detta m\u00f6te f\u00e5r f\u00f6rnya er styrka att tj\u00e4na med evangelisk trofasthet\u201d. Han bad att den helige Jos\u00e9 Gregorio Hern\u00e1ndez ska \u201dsk\u00e4nka oss sin visdom och sin \u00f6dmjukhet i tj\u00e4nsten, och att moder Carmen Rendiles Mart\u00ednez ska l\u00e4ra oss att undervisa med den \u00f6mhet som omvandlar liv\u201d.<\/p>\n<p>Uppmaning att bygga fred <\/p>\n<p>De venezuelanska biskoparna uppmanade barn och l\u00e4rare att se studier och l\u00e4rande som \u201dverktyg f\u00f6r att bygga fred i landet\u201d. \u201dM\u00e5 skol\u00e5rets b\u00f6rjan\u201d, avslutade biskop Curiel Herrera, \u201dbli en m\u00f6jlighet att lyssna p\u00e5 varandra, urskilja Guds vilja, be om enighet och fred f\u00f6r Venezuela och f\u00f6rnya v\u00e5rt \u00e5tagande att h\u00e5lla v\u00e5ra skolor som trygga platser f\u00f6r att bygga medborgarskap, demokrati, r\u00e4ttvisa och fred\u201d.<\/p>\n<p>\u00a0<\/p>\n","protected":false},"excerpt":{"rendered":"Mot bakgrund av den senaste tidens politiska utveckling i Venezuela, uppmanar landets biskopar barn och l\u00e4rare att inleda&hellip;\n","protected":false},"author":2,"featured_media":135414,"comment_status":"","ping_status":"","sticky":false,"template":"","format":"standard","meta":{"footnotes":""},"categories":[14],"tags":[22,23,26,27,17,21,24,25,28,29,15,16,18,34,31,33,32,30,19,20,51,52,53,54],"class_list":{"0":"post-135413","1":"post","2":"type-post","3":"status-publish","4":"format-standard","5":"has-post-thumbnail","7":"category-varlden","8":"tag-breaking-news","9":"tag-breakingnews","10":"tag-featured-news","11":"tag-featurednews","12":"tag-headlines","13":"tag-huvudnyheter","14":"tag-latest-news","15":"tag-latestnews","16":"tag-main-news","17":"tag-mainnews","18":"tag-news","19":"tag-nyheter","20":"tag-rubriker","21":"tag-se","22":"tag-svenska","23":"tag-sverige","24":"tag-sweden","25":"tag-swedish","26":"tag-top-stories","27":"tag-topstories","28":"tag-varlden","29":"tag-world","30":"tag-world-news","31":"tag-worldnews"},"share_on_mastodon":{"url":"https:\/\/pubeurope.com\/@se\/115892882261510573","error":""},"_links":{"self":[{"href":"https:\/\/www.europesays.com\/se\/wp-json\/wp\/v2\/posts\/135413","targetHints":{"allow":["GET"]}}],"collection":[{"href":"https:\/\/www.europesays.com\/se\/wp-json\/wp\/v2\/posts"}],"about":[{"href":"https:\/\/www.europesays.com\/se\/wp-json\/wp\/v2\/types\/post"}],"author":[{"embeddable":true,"href":"https:\/\/www.europesays.com\/se\/wp-json\/wp\/v2\/users\/2"}],"replies":[{"embeddable":true,"href":"https:\/\/www.europesays.com\/se\/wp-json\/wp\/v2\/comments?post=135413"}],"version-history":[{"count":0,"href":"https:\/\/www.europesays.com\/se\/wp-json\/wp\/v2\/posts\/135413\/revisions"}],"wp:featuredmedia":[{"embeddable":true,"href":"https:\/\/www.europesays.com\/se\/wp-json\/wp\/v2\/media\/135414"}],"wp:attachment":[{"href":"https:\/\/www.europesays.com\/se\/wp-json\/wp\/v2\/media?parent=135413"}],"wp:term":[{"taxonomy":"category","embeddable":true,"href":"https:\/\/www.europesays.com\/se\/wp-json\/wp\/v2\/categories?post=135413"},{"taxonomy":"post_tag","embeddable":true,"href":"https:\/\/www.europesays.com\/se\/wp-json\/wp\/v2\/tags?post=135413"}],"curies":[{"name":"wp","href":"https:\/\/api.w.org\/{rel}","templated":true}]}}