{"id":135415,"date":"2026-01-14T10:03:07","date_gmt":"2026-01-14T10:03:07","guid":{"rendered":"https:\/\/www.europesays.com\/se\/135415\/"},"modified":"2026-01-14T10:03:07","modified_gmt":"2026-01-14T10:03:07","slug":"republikanska-foreningen-kungen-borde-inte-citera-gustaf-v","status":"publish","type":"post","link":"https:\/\/www.europesays.com\/se\/135415\/","title":{"rendered":"Republikanska f\u00f6reningen: \u201dKungen borde inte citera Gustaf V\u201d|"},"content":{"rendered":"<p>            <a href=\"https:\/\/tidningensyre.se\/sektion\/radar\/\" class=\"article__breadcrumb-link article__breadcrumb-link--magenta\" rel=\"nofollow noopener\" target=\"_blank\">Radar<\/a><br \/>\n             \u00b7 Inrikes<\/p>\n<p>\n            Publicerad 22 minuter sedan\n        <\/p>\n<p>\n                    Berlin 1934. TT skriver: \u201dKung Gustaf V (t.h) delar ut Storkorset av Sv\u00e4rdsorden till den tyske riksmarskalken Hermann G\u00f6ring, tillsammans med den svenske kronprinsen Gustav Adolf [reds anm. Kungens, Carl Gustaf Bernadotte pappa] (t.) p\u00e5 den svenska beskickningen i Berlin\u201d. Foto: TT\n            <\/p>\n<p class=\"article__paragraph\">Kung Carl XVI Gustaf talade i dagarna p\u00e5 Folk och F\u00f6rsvars rikskonferens i S\u00e4len och l\u00e4ste d\u00e5 upp delar av ett tal som kung Gustaf V h\u00f6ll 1943, enligt ett <a href=\"https:\/\/www.republikanskaforeningen.se\/pressmeddelande\/kungen-borde-inte-citera-gustaf-v\/\" data-type=\"link\" data-id=\"https:\/\/www.republikanskaforeningen.se\/pressmeddelande\/kungen-borde-inte-citera-gustaf-v\/\" target=\"_blank\" rel=\"noopener nofollow\">pressmeddelande<\/a> fr\u00e5n Republikanska f\u00f6reningen.\u00a0<\/p>\n<p class=\"article__paragraph\">F\u00f6reningens ordf\u00f6rande Niclas Malmberg kopplar kungens citat till Gustaf V:s roll i borgg\u00e5rdskrisen och riktar ocks\u00e5 kritik mot kungens agerande under andra v\u00e4rldskriget.<\/p>\n<p class=\"article__paragraph\">\u2013 Gustaf V var den sista kungen i Sverige som \u00f6ppet gick emot parlamentarismen. Det s\u00e5 kallade borgg\u00e5rdstalet, d\u00e4r han sl\u00f6t upp med den konservativa oppositionen mot den valda regeringen, skapade en kris n\u00e4r landet redan var i ett utsatt l\u00e4ge. Att kungen v\u00e4ljer att citera sin farfarsfar i dessa orostider \u00e4r d\u00e4rf\u00f6r illavarslande, s\u00e4ger Niclas Malmberg, ordf\u00f6rande i Republikanska f\u00f6reningen.<\/p>\n<p class=\"article__paragraph\">Malmberg lyfter ocks\u00e5 Gustaf V:s agerande under andra v\u00e4rldskriget, bland annat att kungen delade ut en medalj till den tyske riksmarskalken Hermann G\u00f6ring och enligt Malmberg drev p\u00e5 f\u00f6r att tyska soldater skulle kunna f\u00e4rdas genom Sverige.<\/p>\n<p class=\"article__paragraph\">\u2013 Att ingen i kungens n\u00e4rhet haft kurage att stoppa honom fr\u00e5n att citera Gustaf V visar att han tycks vara omgiven av ja-s\u00e4gare i st\u00e4llet f\u00f6r personer som kan markera att det sista Sverige beh\u00f6ver nu \u00e4r en kung som inte f\u00f6rst\u00e5r att ta avst\u00e5nd fr\u00e5n s\u00e5dana nazistiska b\u00f6jelser, avslutar Niclas Malmberg.<\/p>\n","protected":false},"excerpt":{"rendered":"Radar \u00b7 Inrikes Publicerad 22 minuter sedan Berlin 1934. TT skriver: \u201dKung Gustaf V (t.h) delar ut Storkorset&hellip;\n","protected":false},"author":2,"featured_media":135416,"comment_status":"","ping_status":"","sticky":false,"template":"","format":"standard","meta":{"footnotes":""},"categories":[12],"tags":[22,23,26,27,17,21,24,25,28,29,15,16,18,34,31,33,32,30,19,20],"class_list":{"0":"post-135415","1":"post","2":"type-post","3":"status-publish","4":"format-standard","5":"has-post-thumbnail","7":"category-sverige","8":"tag-breaking-news","9":"tag-breakingnews","10":"tag-featured-news","11":"tag-featurednews","12":"tag-headlines","13":"tag-huvudnyheter","14":"tag-latest-news","15":"tag-latestnews","16":"tag-main-news","17":"tag-mainnews","18":"tag-news","19":"tag-nyheter","20":"tag-rubriker","21":"tag-se","22":"tag-svenska","23":"tag-sverige","24":"tag-sweden","25":"tag-swedish","26":"tag-top-stories","27":"tag-topstories"},"share_on_mastodon":{"url":"https:\/\/pubeurope.com\/@se\/115892886154530350","error":""},"_links":{"self":[{"href":"https:\/\/www.europesays.com\/se\/wp-json\/wp\/v2\/posts\/135415","targetHints":{"allow":["GET"]}}],"collection":[{"href":"https:\/\/www.europesays.com\/se\/wp-json\/wp\/v2\/posts"}],"about":[{"href":"https:\/\/www.europesays.com\/se\/wp-json\/wp\/v2\/types\/post"}],"author":[{"embeddable":true,"href":"https:\/\/www.europesays.com\/se\/wp-json\/wp\/v2\/users\/2"}],"replies":[{"embeddable":true,"href":"https:\/\/www.europesays.com\/se\/wp-json\/wp\/v2\/comments?post=135415"}],"version-history":[{"count":0,"href":"https:\/\/www.europesays.com\/se\/wp-json\/wp\/v2\/posts\/135415\/revisions"}],"wp:featuredmedia":[{"embeddable":true,"href":"https:\/\/www.europesays.com\/se\/wp-json\/wp\/v2\/media\/135416"}],"wp:attachment":[{"href":"https:\/\/www.europesays.com\/se\/wp-json\/wp\/v2\/media?parent=135415"}],"wp:term":[{"taxonomy":"category","embeddable":true,"href":"https:\/\/www.europesays.com\/se\/wp-json\/wp\/v2\/categories?post=135415"},{"taxonomy":"post_tag","embeddable":true,"href":"https:\/\/www.europesays.com\/se\/wp-json\/wp\/v2\/tags?post=135415"}],"curies":[{"name":"wp","href":"https:\/\/api.w.org\/{rel}","templated":true}]}}