{"id":135419,"date":"2026-01-14T10:06:06","date_gmt":"2026-01-14T10:06:06","guid":{"rendered":"https:\/\/www.europesays.com\/se\/135419\/"},"modified":"2026-01-14T10:06:06","modified_gmt":"2026-01-14T10:06:06","slug":"jamiro-reber-lamnar-hv71-direkt-shl","status":"publish","type":"post","link":"https:\/\/www.europesays.com\/se\/135419\/","title":{"rendered":"Jamiro Reber l\u00e4mnar HV71 direkt | SHL"},"content":{"rendered":"<p>Publicerad 14 jan 2026 kl 10.20Uppdaterad kl 10.51<\/p>\n<p>Jamiro Reber spelar inte klart s\u00e4songen i HV71.\u00a0<\/p>\n<p>19-\u00e5ringen k\u00f6ps loss av Fribourg Gotteron.\u00a0<\/p>\n<p>\u2013 Jamiro har haft en \u00f6nskan om att flytta hem till Schweiz, s\u00e4ger sportchefen Fredrik Stillman.<\/p>\n<p><img   alt=\"\"\/> <\/p>\n<p>Foto: MICHAEL ERICHSEN \/ BILDBYR\u00c5N<\/p>\n<p>\u00d6ppna bild i helsk\u00e4rm<\/p>\n<p>Det var sedan innan klart att Jamiro Reber skulle l\u00e4mna J\u00f6nk\u00f6ping f\u00f6r att flytta hem till Schweiz. Men tanken var att han skulle spela klart s\u00e4songen i Sverige.\u00a0<\/p>\n<p>S\u00e5 blir det inte.\u00a0<\/p>\n<p>I st\u00e4llet k\u00f6per Fribourg Gotteron loss honom direkt.\u00a0<\/p>\n<p>\u2013 Jamiro har haft en \u00f6nskan om att flytta hem till Schweiz. Vi har nu tillsammans med Fribourg hittat en l\u00f6sning och vi tackar honom f\u00f6r hans tid i <a href=\"https:\/\/www.expressen.se\/tagg\/organization\/hv71\/\" class=\"\" rel=\"nofollow noopener\" target=\"_blank\">HV71<\/a> och \u00f6nskar lycka till i sin fortsatta hockeykarri\u00e4r, s\u00e4ger den tillf\u00f6rordnade sportchefen Fredrik Stillman i ett uttalande.\u00a0<\/p>\n<p>Reber tackar f\u00f6r sin tid i HV71, som resulterade i 18 po\u00e4ng p\u00e5 69 matcher.\u00a0<\/p>\n<p>\u2013 Jag har haft fina \u00e5r i HV71 och har klubben mycket att tacka f\u00f6r min utveckling, men jag har under en tid k\u00e4nt att jag vill komma n\u00e4rmare min familj och bos\u00e4tta mig i Schweiz. Det har varit fantastiskt att spela inf\u00f6r alla fans i Husqvarna Garden och jag vill tacka f\u00f6r allt st\u00f6d och fina upplevelser jag f\u00e5tt under mina \u00e5r i J\u00f6nk\u00f6ping, s\u00e4ger Reber.<\/p>\n<p>Fribourg Gotteron tr\u00e4nas av Roger R\u00f6nnberg.\u00a0<\/p>\n","protected":false},"excerpt":{"rendered":"Publicerad 14 jan 2026 kl 10.20Uppdaterad kl 10.51 Jamiro Reber spelar inte klart s\u00e4songen i HV71.\u00a0 19-\u00e5ringen k\u00f6ps&hellip;\n","protected":false},"author":2,"featured_media":135420,"comment_status":"","ping_status":"","sticky":false,"template":"","format":"standard","meta":{"footnotes":""},"categories":[68],"tags":[1354,1179,34,255,823,111,110,31,33,32,30],"class_list":{"0":"post-135419","1":"post","2":"type-post","3":"status-publish","4":"format-standard","5":"has-post-thumbnail","7":"category-sport","8":"tag-organization-hv71","9":"tag-organization-shl","10":"tag-se","11":"tag-sections-ishockey","12":"tag-sections-shl","13":"tag-sport","14":"tag-sports","15":"tag-svenska","16":"tag-sverige","17":"tag-sweden","18":"tag-swedish"},"share_on_mastodon":{"url":"https:\/\/pubeurope.com\/@se\/115892897949789114","error":""},"_links":{"self":[{"href":"https:\/\/www.europesays.com\/se\/wp-json\/wp\/v2\/posts\/135419","targetHints":{"allow":["GET"]}}],"collection":[{"href":"https:\/\/www.europesays.com\/se\/wp-json\/wp\/v2\/posts"}],"about":[{"href":"https:\/\/www.europesays.com\/se\/wp-json\/wp\/v2\/types\/post"}],"author":[{"embeddable":true,"href":"https:\/\/www.europesays.com\/se\/wp-json\/wp\/v2\/users\/2"}],"replies":[{"embeddable":true,"href":"https:\/\/www.europesays.com\/se\/wp-json\/wp\/v2\/comments?post=135419"}],"version-history":[{"count":0,"href":"https:\/\/www.europesays.com\/se\/wp-json\/wp\/v2\/posts\/135419\/revisions"}],"wp:featuredmedia":[{"embeddable":true,"href":"https:\/\/www.europesays.com\/se\/wp-json\/wp\/v2\/media\/135420"}],"wp:attachment":[{"href":"https:\/\/www.europesays.com\/se\/wp-json\/wp\/v2\/media?parent=135419"}],"wp:term":[{"taxonomy":"category","embeddable":true,"href":"https:\/\/www.europesays.com\/se\/wp-json\/wp\/v2\/categories?post=135419"},{"taxonomy":"post_tag","embeddable":true,"href":"https:\/\/www.europesays.com\/se\/wp-json\/wp\/v2\/tags?post=135419"}],"curies":[{"name":"wp","href":"https:\/\/api.w.org\/{rel}","templated":true}]}}