{"id":135421,"date":"2026-01-14T10:07:17","date_gmt":"2026-01-14T10:07:17","guid":{"rendered":"https:\/\/www.europesays.com\/se\/135421\/"},"modified":"2026-01-14T10:07:17","modified_gmt":"2026-01-14T10:07:17","slug":"tv-stjarnan-gripen-ska-ha-misshandlat-chauffor","status":"publish","type":"post","link":"https:\/\/www.europesays.com\/se\/135421\/","title":{"rendered":"Tv-stj\u00e4rnan gripen \u2013 ska ha misshandlat chauff\u00f6r"},"content":{"rendered":"<p>Publicerad 14 jan 2026 kl 09.43<\/p>\n<p>Kiefer Sutherland har gripits av polisen, misst\u00e4nkt f\u00f6r att ha misshandlat en taxichauff\u00f6r.\u00a0<\/p>\n<p><img   alt=\"\"\/><\/p>\n<p>Kiefer Sutherland.<\/p>\n<p>Foto: JORDAN STRAUSS \/ AP TT NYHETSBYR\u00c5N<\/p>\n<p>\u00d6ppna bild i helsk\u00e4rm<\/p>\n<p>Tv-stj\u00e4rnan fr\u00e5n serier som \u201d24\u201d och \u201dDesignated survivor\u201d sl\u00e4pptes mot borgen p\u00e5 50\u00a0000 dollar, men ska upp i r\u00e4tten den 2 februari f\u00f6r att f\u00f6rsvara sig mot anklagelserna om att ha misshandlat och hotat taxichauff\u00f6ren.\u00a0<\/p>\n<p>Sk\u00e5despelaren greps strax efter midnatt, natten till i m\u00e5ndags i n\u00e4rheten av Hollywood i Los Angeles sedan polisen larmats till platsen, skriver TMZ. Sutherland har sj\u00e4lv inte velat kommentera h\u00e4ndelsen. Taxichauff\u00f6ren beh\u00f6vde inte upps\u00f6ka sjukhus f\u00f6r sina skador.\u00a0<\/p>\n","protected":false},"excerpt":{"rendered":"Publicerad 14 jan 2026 kl 09.43 Kiefer Sutherland har gripits av polisen, misst\u00e4nkt f\u00f6r att ha misshandlat en&hellip;\n","protected":false},"author":2,"featured_media":135422,"comment_status":"","ping_status":"","sticky":false,"template":"","format":"standard","meta":{"footnotes":""},"categories":[67],"tags":[104,34,31,33,32,30,105],"class_list":{"0":"post-135421","1":"post","2":"type-post","3":"status-publish","4":"format-standard","5":"has-post-thumbnail","7":"category-underhallning","8":"tag-entertainment","9":"tag-se","10":"tag-svenska","11":"tag-sverige","12":"tag-sweden","13":"tag-swedish","14":"tag-underhallning"},"share_on_mastodon":{"url":"https:\/\/pubeurope.com\/@se\/115892901853766414","error":""},"_links":{"self":[{"href":"https:\/\/www.europesays.com\/se\/wp-json\/wp\/v2\/posts\/135421","targetHints":{"allow":["GET"]}}],"collection":[{"href":"https:\/\/www.europesays.com\/se\/wp-json\/wp\/v2\/posts"}],"about":[{"href":"https:\/\/www.europesays.com\/se\/wp-json\/wp\/v2\/types\/post"}],"author":[{"embeddable":true,"href":"https:\/\/www.europesays.com\/se\/wp-json\/wp\/v2\/users\/2"}],"replies":[{"embeddable":true,"href":"https:\/\/www.europesays.com\/se\/wp-json\/wp\/v2\/comments?post=135421"}],"version-history":[{"count":0,"href":"https:\/\/www.europesays.com\/se\/wp-json\/wp\/v2\/posts\/135421\/revisions"}],"wp:featuredmedia":[{"embeddable":true,"href":"https:\/\/www.europesays.com\/se\/wp-json\/wp\/v2\/media\/135422"}],"wp:attachment":[{"href":"https:\/\/www.europesays.com\/se\/wp-json\/wp\/v2\/media?parent=135421"}],"wp:term":[{"taxonomy":"category","embeddable":true,"href":"https:\/\/www.europesays.com\/se\/wp-json\/wp\/v2\/categories?post=135421"},{"taxonomy":"post_tag","embeddable":true,"href":"https:\/\/www.europesays.com\/se\/wp-json\/wp\/v2\/tags?post=135421"}],"curies":[{"name":"wp","href":"https:\/\/api.w.org\/{rel}","templated":true}]}}