{"id":135423,"date":"2026-01-14T10:08:06","date_gmt":"2026-01-14T10:08:06","guid":{"rendered":"https:\/\/www.europesays.com\/se\/135423\/"},"modified":"2026-01-14T10:08:06","modified_gmt":"2026-01-14T10:08:06","slug":"kand-poddare-bland-massor-av-paddor-alekuriren","status":"publish","type":"post","link":"https:\/\/www.europesays.com\/se\/135423\/","title":{"rendered":"K\u00e4nd poddare bland massor av paddor &#8211; Alekuriren"},"content":{"rendered":"<p class=\"p1\">Som skapare och r\u00f6st bakom popul\u00e4ra podcasten \u201d2 L\u00e5tar &amp; 1 K\u00e4ndis\u201d har Anders N\u00e4slund fr\u00e5n Gr\u00e5bo samtalat med n\u00e5gra av Sveriges mest k\u00e4nda profiler, d\u00e4r musikens kraft och personliga historier v\u00e4vs samman till minnesv\u00e4rda m\u00f6ten.<\/p>\n<p class=\"p2\">\u2013 Genom tv\u00e5 l\u00e5tar som betyder n\u00e5got extra f\u00f6r g\u00e4sten \u00f6ppnas d\u00f6rrar till ov\u00e4ntade ber\u00e4ttelser, starka minnen och personliga reflektioner. Musik \u00e4r v\u00e5rt gemensamma spr\u00e5k. N\u00e4r n\u00e5gon delar sina favoritl\u00e5tar, delar de en bit av sin sj\u00e4l, s\u00e4ger Anders och forts\u00e4tter:<\/p>\n<p class=\"p2\">\u2013 Det blir samtal som b\u00e5de ber\u00f6r och \u00f6verraskar. Alltifr\u00e5n skrattet runt vardagliga situationer till de d\u00e4r \u00f6gonblicken som f\u00f6r\u00e4ndrat ett helt liv.<\/p>\n<p class=\"p2\">Det f\u00f6rsta programmet gjorde Anders N\u00e4slund den 22 juli 2019 och fram till nu har det blivit 169 avsnitt. Under \u00e5rens lopp har han bland annat g\u00e4stats av <b>B\u00f6rje Salming, Marcus Birro, Caroline af Ugglas, Bert Karlsson, Sven-G\u00f6ran Eriksson <\/b>och <b>Mona Sahlin<\/b>.<\/p>\n<p class=\"p2\"><b>N\u00e5gon dr\u00f6mg\u00e4st som \u00e4nnu inte medverkat?<\/b><b\/><\/p>\n<p class=\"p2\">\u2013 <b>Zlatan!<\/b> Det \u00e4r inte f\u00f6r att diskutera fotboll med honom utan f\u00f6r att f\u00e5 reda p\u00e5 hur han utnyttjade sin ilska mot samh\u00e4llet till att bli den han \u00e4r. En annan favorit \u00e4r <b>Mikael Persbrandt <\/b>och honom har jag dessutom f\u00e5tt ett halt l\u00f6fte ifr\u00e5n.<\/p>\n<p><b>Nu \u00e4ven f\u00f6rfattare<\/b><b\/><\/p>\n<p class=\"p1\">Anders N\u00e4slunds poddsucc\u00e9 har \u00e4ven blivit till en bok varf\u00f6r han numera \u00e4ven kan titulera sig f\u00f6rfattare. Boken sl\u00e4pptes i h\u00f6stas.<\/p>\n<p class=\"p2\">\u2013 L\u00e4saren f\u00e5r f\u00f6lja med bakom kulisserna. Du f\u00e5r veta mer om mig, varf\u00f6r jag startade podden, hur musiken format min egen resa \u2013 och du f\u00e5r ta del av n\u00e5gra av de m\u00f6ten som gjort starkt intryck.<\/p>\n<p class=\"p2\">Anna-Karin Th\u00f6rling s\u00e5g till att f\u00f6rse sig med ett exemplar av boken n\u00e4r Anders N\u00e4slund var p\u00e5 bes\u00f6k.<\/p>\n<p class=\"p2\">\u2013 Sj\u00e4lvklart! Det ska bli intressant att l\u00e4sa om alla de profiler som bes\u00f6kt honom.<\/p>\n<p class=\"p2\">Anders N\u00e4slund \u00e5 sin sida passade p\u00e5 att ta en rundvandring bland alla Anna-Karins sk\u00f6ldpaddor \u2013 en samling p\u00e5 \u00f6ver 500 skulpturer och dekorationer av djuret.<\/p>\n<p class=\"p2\">\u2013 Det \u00e4r n\u00e5got med sk\u00f6ldpaddor som jag tycker om. Det \u00e4r en gammal symbol f\u00f6r vishet. De har ett h\u00e5rt skal, men \u00e4r mjuka inuti, avslutar Anna-Karin Th\u00f6rling.<\/p>\n","protected":false},"excerpt":{"rendered":"Som skapare och r\u00f6st bakom popul\u00e4ra podcasten \u201d2 L\u00e5tar &amp; 1 K\u00e4ndis\u201d har Anders N\u00e4slund fr\u00e5n Gr\u00e5bo samtalat&hellip;\n","protected":false},"author":2,"featured_media":135424,"comment_status":"","ping_status":"","sticky":false,"template":"","format":"standard","meta":{"footnotes":""},"categories":[66],"tags":[80,78,79,34,31,33,32,30,81,84,83,82],"class_list":{"0":"post-135423","1":"post","2":"type-post","3":"status-publish","4":"format-standard","5":"has-post-thumbnail","7":"category-vetenskap-och-teknik","8":"tag-science","9":"tag-science-and-technology","10":"tag-scienceandtechnology","11":"tag-se","12":"tag-svenska","13":"tag-sverige","14":"tag-sweden","15":"tag-swedish","16":"tag-technology","17":"tag-teknik","18":"tag-vetenskap","19":"tag-vetenskapteknik"},"share_on_mastodon":{"url":"https:\/\/pubeurope.com\/@se\/115892905909090986","error":""},"_links":{"self":[{"href":"https:\/\/www.europesays.com\/se\/wp-json\/wp\/v2\/posts\/135423","targetHints":{"allow":["GET"]}}],"collection":[{"href":"https:\/\/www.europesays.com\/se\/wp-json\/wp\/v2\/posts"}],"about":[{"href":"https:\/\/www.europesays.com\/se\/wp-json\/wp\/v2\/types\/post"}],"author":[{"embeddable":true,"href":"https:\/\/www.europesays.com\/se\/wp-json\/wp\/v2\/users\/2"}],"replies":[{"embeddable":true,"href":"https:\/\/www.europesays.com\/se\/wp-json\/wp\/v2\/comments?post=135423"}],"version-history":[{"count":0,"href":"https:\/\/www.europesays.com\/se\/wp-json\/wp\/v2\/posts\/135423\/revisions"}],"wp:featuredmedia":[{"embeddable":true,"href":"https:\/\/www.europesays.com\/se\/wp-json\/wp\/v2\/media\/135424"}],"wp:attachment":[{"href":"https:\/\/www.europesays.com\/se\/wp-json\/wp\/v2\/media?parent=135423"}],"wp:term":[{"taxonomy":"category","embeddable":true,"href":"https:\/\/www.europesays.com\/se\/wp-json\/wp\/v2\/categories?post=135423"},{"taxonomy":"post_tag","embeddable":true,"href":"https:\/\/www.europesays.com\/se\/wp-json\/wp\/v2\/tags?post=135423"}],"curies":[{"name":"wp","href":"https:\/\/api.w.org\/{rel}","templated":true}]}}