{"id":135427,"date":"2026-01-14T10:10:06","date_gmt":"2026-01-14T10:10:06","guid":{"rendered":"https:\/\/www.europesays.com\/se\/135427\/"},"modified":"2026-01-14T10:10:06","modified_gmt":"2026-01-14T10:10:06","slug":"oljejatten-equinor-tvingas-backa-fran-falskt-klimatpastaende","status":"publish","type":"post","link":"https:\/\/www.europesays.com\/se\/135427\/","title":{"rendered":"Oljej\u00e4tten Equinor tvingas backa fr\u00e5n falskt klimatp\u00e5st\u00e5ende"},"content":{"rendered":"<p>P\u00e5 sin webbplats har Equinor under flera \u00e5r h\u00e4vdat att deras etablerade CCS-projekt Sleipner i Nordsj\u00f6n f\u00e5ngar in cirka en miljon ton koldioxid per \u00e5r. CCS st\u00e5r f\u00f6r carbon capture and storage, en teknik som g\u00e5r ut p\u00e5 att samla in och lagra koldioxid, exempelvis i berggrund eller p\u00e5 havsbotten.<\/p>\n<p>Just Equinors projekt har lyfts fram inte bara av bolaget sj\u00e4lvt, utan \u00e4ven av andra f\u00f6respr\u00e5kare f\u00f6r CCS, som ett exempel p\u00e5 hur tekniken fungerar i praktiken.<\/p>\n<p>Men n\u00e4r DeSmog nyligen beg\u00e4rde ut officiella siffror \u00f6ver hur mycket koldioxid som faktiskt samlats in via projektet visade det sig vara l\u00e5ngt ifr\u00e5n den m\u00e4ngd som bolaget sj\u00e4lv uppgett. Uppgifter fr\u00e5n den norska milj\u00f6myndigheten visar att den verkliga m\u00e4ngden som f\u00e5ngades in under 2023 var omkring 106 000 ton \u2013 allts\u00e5 ungef\u00e4r en tiondel av vad Equinor p\u00e5st\u00e5tt.<\/p>\n<p>Tagits bort<\/p>\n<p>Efter att Equinor konfronterats med siffrorna har p\u00e5st\u00e5endet f\u00f6rsvunnit fr\u00e5n bolagets webbplats. F\u00f6rklaringen \u00e4r enligt f\u00f6retaget att sidan inte hade uppdaterats. \u201dVi har nu tagit bort detta fel fr\u00e5n v\u00e5r webbplats och uppdaterat avsnittet med korrekt information\u201d, skriver Equinors talesperson Gisle Ledel Johannessen i ett mejl till DeSmog.<\/p>\n<p>Kritiker har l\u00e4nge h\u00e4vdat att CCS ofta anv\u00e4nds av oljebolag som ett s\u00e4tt att f\u00f6rb\u00e4ttra sitt milj\u00f6anseende utan att minska de fossila utsl\u00e4ppen i grunden. Forskare har ocks\u00e5 varnat f\u00f6r en \u00f6vertro p\u00e5 CCS som klimatl\u00f6sning och pekat p\u00e5 att tekniken \u00e4r b\u00e5de dyr och os\u00e4ker i stor skala.<\/p>\n<p>Eftersom CCS delvis g\u00f6r det m\u00f6jligt att \u201drensa upp\u201d utsl\u00e4pp finns en oro f\u00f6r att olje- och gasbolag anv\u00e4nder satsningar p\u00e5 tekniken som argument f\u00f6r att forts\u00e4tta prospektera och utvinna fossil energi, snarare \u00e4n att minska produktionen.<\/p>\n<p>Ketan Joshi, Oslo-baserad klimatkonsult och <a href=\"https:\/\/www.etc.se\/klimat-miljo\/finns-det-en-plan-att-ta-hand-om-alla-fossilbilar\" rel=\"nofollow noopener\" target=\"_blank\">vetenskapsskribent<\/a>, menar att Equinors s\u00e4tt att framh\u00e5lla sin CCS-verksamhet som en klimatl\u00f6sning \u00e4r vilseledande, eftersom bolagets befintliga projekt bara f\u00e5ngar en liten andel av utsl\u00e4ppen \u2013 samtidigt som Norges totala utsl\u00e4pp fr\u00e5n fossila br\u00e4nslen f\u00f6rblir h\u00f6ga.\u00a0<\/p>\n<p>\u2013 Equinor anv\u00e4nder \u201dambiti\u00f6sa\u201d CCS-m\u00e5l som ett s\u00e4tt att simulera handlingskraft utan att faktiskt leverera, s\u00e4ger han till DeSmog.<\/p>\n","protected":false},"excerpt":{"rendered":"P\u00e5 sin webbplats har Equinor under flera \u00e5r h\u00e4vdat att deras etablerade CCS-projekt Sleipner i Nordsj\u00f6n f\u00e5ngar in&hellip;\n","protected":false},"author":2,"featured_media":135428,"comment_status":"","ping_status":"","sticky":false,"template":"","format":"standard","meta":{"footnotes":""},"categories":[14],"tags":[22,23,26,27,17,21,24,25,28,29,15,16,18,34,31,33,32,30,19,20,51,52,53,54],"class_list":{"0":"post-135427","1":"post","2":"type-post","3":"status-publish","4":"format-standard","5":"has-post-thumbnail","7":"category-varlden","8":"tag-breaking-news","9":"tag-breakingnews","10":"tag-featured-news","11":"tag-featurednews","12":"tag-headlines","13":"tag-huvudnyheter","14":"tag-latest-news","15":"tag-latestnews","16":"tag-main-news","17":"tag-mainnews","18":"tag-news","19":"tag-nyheter","20":"tag-rubriker","21":"tag-se","22":"tag-svenska","23":"tag-sverige","24":"tag-sweden","25":"tag-swedish","26":"tag-top-stories","27":"tag-topstories","28":"tag-varlden","29":"tag-world","30":"tag-world-news","31":"tag-worldnews"},"share_on_mastodon":{"url":"https:\/\/pubeurope.com\/@se\/115892913700847591","error":""},"_links":{"self":[{"href":"https:\/\/www.europesays.com\/se\/wp-json\/wp\/v2\/posts\/135427","targetHints":{"allow":["GET"]}}],"collection":[{"href":"https:\/\/www.europesays.com\/se\/wp-json\/wp\/v2\/posts"}],"about":[{"href":"https:\/\/www.europesays.com\/se\/wp-json\/wp\/v2\/types\/post"}],"author":[{"embeddable":true,"href":"https:\/\/www.europesays.com\/se\/wp-json\/wp\/v2\/users\/2"}],"replies":[{"embeddable":true,"href":"https:\/\/www.europesays.com\/se\/wp-json\/wp\/v2\/comments?post=135427"}],"version-history":[{"count":0,"href":"https:\/\/www.europesays.com\/se\/wp-json\/wp\/v2\/posts\/135427\/revisions"}],"wp:featuredmedia":[{"embeddable":true,"href":"https:\/\/www.europesays.com\/se\/wp-json\/wp\/v2\/media\/135428"}],"wp:attachment":[{"href":"https:\/\/www.europesays.com\/se\/wp-json\/wp\/v2\/media?parent=135427"}],"wp:term":[{"taxonomy":"category","embeddable":true,"href":"https:\/\/www.europesays.com\/se\/wp-json\/wp\/v2\/categories?post=135427"},{"taxonomy":"post_tag","embeddable":true,"href":"https:\/\/www.europesays.com\/se\/wp-json\/wp\/v2\/tags?post=135427"}],"curies":[{"name":"wp","href":"https:\/\/api.w.org\/{rel}","templated":true}]}}