{"id":135429,"date":"2026-01-14T10:11:07","date_gmt":"2026-01-14T10:11:07","guid":{"rendered":"https:\/\/www.europesays.com\/se\/135429\/"},"modified":"2026-01-14T10:11:07","modified_gmt":"2026-01-14T10:11:07","slug":"kraver-nollvision-for-barn-och-unga-i-grov-kriminalitet-socialdemokraterna","status":"publish","type":"post","link":"https:\/\/www.europesays.com\/se\/135429\/","title":{"rendered":"Kr\u00e4ver nollvision f\u00f6r barn och unga i grov kriminalitet\n| Socialdemokraterna"},"content":{"rendered":"<p class=\"normal\">Sverige befinner sig i ett allvarligt l\u00e4ge. G\u00e4ngkriminaliteten forts\u00e4tter att sk\u00f6rda liv och sprida otrygghet, samtidigt som allt fler barn och unga dras in i den gr\u00f6vsta brottsligheten. Det handlar om skjutningar, spr\u00e4ngningar, brandattacker och mord. Sedan 2022 har antalet barn involverade i mord\u00e4renden \u00f6kat med \u00f6ver 500 procent.<\/p>\n<p class=\"normal\">\u2013 Nog f\u00e5r vara nog. I Sverige ska orden \u201dbarn\u201d och \u201dmord\u201d aldrig h\u00f6ra ihop. Den h\u00e4r utvecklingen \u00e4r ett misslyckande som kr\u00e4ver krisinsikt och ett helt nytt angreppss\u00e4tt, s\u00e4ger Teresa Carvalho, r\u00e4ttspolitisk talesperson f\u00f6r Socialdemokraterna.<\/p>\n<p class=\"normal\">De senaste \u00e5ren har g\u00e4ngens arbetsmetoder f\u00f6r\u00e4ndrats. Antalet skjutningar har minskat n\u00e5got, medan spr\u00e4ngningar och brandattacker blivit vanligare. Men grundproblemet kvarst\u00e5r: Sverige har fortfarande en omfattande och livsfarlig g\u00e4ngkriminalitet, driven av en stark och organiserad brottslighet som systematiskt rekryterar barn och unga.<\/p>\n<p class=\"normal\">I detta l\u00e4ge menar Socialdemokraterna att politiken m\u00e5ste erk\u00e4nna sitt misslyckande. Ingen regering \u2013 vare sig tidigare eller nuvarande \u2013 har lyckats v\u00e4nda utvecklingen. Det kr\u00e4vs l\u00e5ngsiktiga och kraftfulla \u00e5tg\u00e4rder, b\u00e5de brottsbek\u00e4mpande och brottsf\u00f6rebyggande, som h\u00e5ller \u00f6ver flera mandatperioder. Sverige beh\u00f6ver, likt Danmark, en stabil politisk inriktning som st\u00e5r fast \u00f6ver tid. D\u00e4rf\u00f6r vill Socialdemokraterna se en block\u00f6verskridande tio\u00e5rspakt med Moderaterna mot g\u00e4ngkriminaliteten. Som del av en s\u00e5dan pakt f\u00f6resl\u00e5s en ny nollvision f\u00f6r barn och unga i grov kriminalitet.<\/p>\n<p class=\"normal\">Sverige befinner sig i ett allvarligt l\u00e4ge. Utvecklingen har inte v\u00e4nt och antalet barn som skjuter, spr\u00e4nger och m\u00f6rdar blir bara fler. Det \u00e4r dags att trycka p\u00e5 larmknappen och g\u00f6r allt vi kan f\u00f6r att skydda v\u00e5ra barn fr\u00e5n brott, fr\u00e5n g\u00e4ngen och fr\u00e5n att beg\u00e5 grova brott.<\/p>\n","protected":false},"excerpt":{"rendered":"Sverige befinner sig i ett allvarligt l\u00e4ge. G\u00e4ngkriminaliteten forts\u00e4tter att sk\u00f6rda liv och sprida otrygghet, samtidigt som allt&hellip;\n","protected":false},"author":2,"featured_media":135430,"comment_status":"","ping_status":"","sticky":false,"template":"","format":"standard","meta":{"footnotes":""},"categories":[12],"tags":[22,23,26,27,17,21,24,25,28,29,15,16,18,34,31,33,32,30,19,20],"class_list":{"0":"post-135429","1":"post","2":"type-post","3":"status-publish","4":"format-standard","5":"has-post-thumbnail","7":"category-sverige","8":"tag-breaking-news","9":"tag-breakingnews","10":"tag-featured-news","11":"tag-featurednews","12":"tag-headlines","13":"tag-huvudnyheter","14":"tag-latest-news","15":"tag-latestnews","16":"tag-main-news","17":"tag-mainnews","18":"tag-news","19":"tag-nyheter","20":"tag-rubriker","21":"tag-se","22":"tag-svenska","23":"tag-sverige","24":"tag-sweden","25":"tag-swedish","26":"tag-top-stories","27":"tag-topstories"},"share_on_mastodon":{"url":"https:\/\/pubeurope.com\/@se\/115892917607611817","error":""},"_links":{"self":[{"href":"https:\/\/www.europesays.com\/se\/wp-json\/wp\/v2\/posts\/135429","targetHints":{"allow":["GET"]}}],"collection":[{"href":"https:\/\/www.europesays.com\/se\/wp-json\/wp\/v2\/posts"}],"about":[{"href":"https:\/\/www.europesays.com\/se\/wp-json\/wp\/v2\/types\/post"}],"author":[{"embeddable":true,"href":"https:\/\/www.europesays.com\/se\/wp-json\/wp\/v2\/users\/2"}],"replies":[{"embeddable":true,"href":"https:\/\/www.europesays.com\/se\/wp-json\/wp\/v2\/comments?post=135429"}],"version-history":[{"count":0,"href":"https:\/\/www.europesays.com\/se\/wp-json\/wp\/v2\/posts\/135429\/revisions"}],"wp:featuredmedia":[{"embeddable":true,"href":"https:\/\/www.europesays.com\/se\/wp-json\/wp\/v2\/media\/135430"}],"wp:attachment":[{"href":"https:\/\/www.europesays.com\/se\/wp-json\/wp\/v2\/media?parent=135429"}],"wp:term":[{"taxonomy":"category","embeddable":true,"href":"https:\/\/www.europesays.com\/se\/wp-json\/wp\/v2\/categories?post=135429"},{"taxonomy":"post_tag","embeddable":true,"href":"https:\/\/www.europesays.com\/se\/wp-json\/wp\/v2\/tags?post=135429"}],"curies":[{"name":"wp","href":"https:\/\/api.w.org\/{rel}","templated":true}]}}