{"id":135433,"date":"2026-01-14T10:14:07","date_gmt":"2026-01-14T10:14:07","guid":{"rendered":"https:\/\/www.europesays.com\/se\/135433\/"},"modified":"2026-01-14T10:14:07","modified_gmt":"2026-01-14T10:14:07","slug":"abbotts-forsta-ord-om-sitt-nya-farjestad-finns-potential-for-att-gora-nagot-bra-vf","status":"publish","type":"post","link":"https:\/\/www.europesays.com\/se\/135433\/","title":{"rendered":"Abbotts f\u00f6rsta ord om sitt nya F\u00e4rjestad: \u201dFinns potential f\u00f6r att g\u00f6ra n\u00e5got bra\u201d &#8211; VF"},"content":{"rendered":"<ol>\n<li><a href=\"https:\/\/news.google.com\/rss\/articles\/CBMitgFBVV95cUxOZ0tmWEtxWUdDWFdBSDUybUEwMk43Z2F2SW1fUWNfMDZLZUNBd0pLZTA2VXZPS09uQ0Q4ZDlTaXdidmdXelBGcUhVaUZKM1VQMEllbW1ZSnl3dUhZMGgxNjlZNjdjYlotbmNJZ3BENjctR1o2aG1JY18tZjBUYzV5aHJaSXZkZFRuclFEenNHOXdOcjJaZUozT3liaEp1N1JoSUpFZE9tdVFtZUdmSk4wMm5jVHlIUQ?oc=5\" target=\"_blank\" rel=\"nofollow noopener\">Abbotts f\u00f6rsta ord om sitt nya F\u00e4rjestad: \u201dFinns potential f\u00f6r att g\u00f6ra n\u00e5got bra\u201d<\/a>&nbsp;&nbsp;VF<\/li>\n<li><a href=\"https:\/\/news.google.com\/rss\/articles\/CBMivAFBVV95cUxQQUdoT0p2RzVSYVFMVVc2ZFhRbEhHbWtGWXVxeGZlMU5wZmxlUVdMQXRfbTNqOXRpb3p6TmNhZ0UyZWVuWW9rS0JMcFZRTUNpajJRckJzUXo2eXJlUUZXTzczZWtmRnQtbEtmYW1QMkt1TnFxSnF6ck5jNXFma3BVYmo2MVM3Q2xBUk4wSUpZUEszTEd0aFY5dURCZWpSTDdEc1p6SUQzc0JURnc4TGhzRVFEN29pWmVJakZ0Xw?oc=5\" target=\"_blank\" rel=\"nofollow noopener\">SHL-panelen: S\u00e5 h\u00e4r kommer det att g\u00e5 f\u00f6r F\u00e4rjestad under Abbott<\/a>&nbsp;&nbsp;Aftonbladet<\/li>\n<li><a href=\"https:\/\/news.google.com\/rss\/articles\/CBMingFBVV95cUxOZlJKVlRwUVA5Y1lnX3k3MzlKUlBjTVV4aGpOSndfbzVPV1ctMXoxZjR4TERULTI1YUFVY2k3enlUQzBMQUgxODdXajVsdXNfZGlGTlpqSjhhZ3F5X05QU0ZfSkg2aEw1V3dJb0J1U3BOV0hpb0Z6NW9VU2lsWGxYN0kxM1ZSanpkRE81MDhYX0tCNHBMUWZSN2lzaExiZw?oc=5\" target=\"_blank\" rel=\"nofollow noopener\">Ledargestalten om Abbotts ankomst: \u201dBeh\u00f6ver inte r\u00e4dda v\u00e4rlden\u201d<\/a>&nbsp;&nbsp;NWT<\/li>\n<li><a href=\"https:\/\/news.google.com\/rss\/articles\/CBMijwFBVV95cUxOb3VYSmw4ZUVoOXpyYjJJaGROQU10bW9KYll0MWduNVJ0Y3E3eWRmd1hiR2hOOGtuSHRkTXB3bENabDVXNzBZT2syWDJfSzN5bGtSOHJkcFRybktXT1FpbWJQUTllejd4cTlUWVZmbVlGTlNfZ2FXV1JacHBkODJoTzRtYzNERERIOVdkQ2c0Yw?oc=5\" target=\"_blank\" rel=\"nofollow noopener\">Hockeystormen i Karlstad: \u201dDen vardagen man lever i\u201d<\/a>&nbsp;&nbsp;Sveriges Radio<\/li>\n<li><a href=\"https:\/\/news.google.com\/rss\/articles\/CBMiY0FVX3lxTE0xU3dlc2h4QVZOMmVsUDVCMjZnR1ZsRlFMQ2F5N2R6NlQ0OEpGSXNFUkRGSWw1cXU5ZVdIUWJiVXoyNXptcGJzZXQ0Ti1MbXl2bEU0cEhBcmVSTm9iaWd2WWtxOA?oc=5\" target=\"_blank\" rel=\"nofollow noopener\">Cam Abbott ny huvudtr\u00e4nare f\u00f6r F\u00e4rjestad BK<\/a>&nbsp;&nbsp;F\u00e4rjestad BK<\/li>\n<\/ol>\n","protected":false},"excerpt":{"rendered":"Abbotts f\u00f6rsta ord om sitt nya F\u00e4rjestad: \u201dFinns potential f\u00f6r att g\u00f6ra n\u00e5got bra\u201d&nbsp;&nbsp;VF SHL-panelen: S\u00e5 h\u00e4r kommer&hellip;\n","protected":false},"author":2,"featured_media":135434,"comment_status":"","ping_status":"","sticky":false,"template":"","format":"standard","meta":{"footnotes":""},"categories":[68],"tags":[34,111,110,31,33,32,30],"class_list":{"0":"post-135433","1":"post","2":"type-post","3":"status-publish","4":"format-standard","5":"has-post-thumbnail","7":"category-sport","8":"tag-se","9":"tag-sport","10":"tag-sports","11":"tag-svenska","12":"tag-sverige","13":"tag-sweden","14":"tag-swedish"},"share_on_mastodon":{"url":"https:\/\/pubeurope.com\/@se\/115892929452243531","error":""},"_links":{"self":[{"href":"https:\/\/www.europesays.com\/se\/wp-json\/wp\/v2\/posts\/135433","targetHints":{"allow":["GET"]}}],"collection":[{"href":"https:\/\/www.europesays.com\/se\/wp-json\/wp\/v2\/posts"}],"about":[{"href":"https:\/\/www.europesays.com\/se\/wp-json\/wp\/v2\/types\/post"}],"author":[{"embeddable":true,"href":"https:\/\/www.europesays.com\/se\/wp-json\/wp\/v2\/users\/2"}],"replies":[{"embeddable":true,"href":"https:\/\/www.europesays.com\/se\/wp-json\/wp\/v2\/comments?post=135433"}],"version-history":[{"count":0,"href":"https:\/\/www.europesays.com\/se\/wp-json\/wp\/v2\/posts\/135433\/revisions"}],"wp:featuredmedia":[{"embeddable":true,"href":"https:\/\/www.europesays.com\/se\/wp-json\/wp\/v2\/media\/135434"}],"wp:attachment":[{"href":"https:\/\/www.europesays.com\/se\/wp-json\/wp\/v2\/media?parent=135433"}],"wp:term":[{"taxonomy":"category","embeddable":true,"href":"https:\/\/www.europesays.com\/se\/wp-json\/wp\/v2\/categories?post=135433"},{"taxonomy":"post_tag","embeddable":true,"href":"https:\/\/www.europesays.com\/se\/wp-json\/wp\/v2\/tags?post=135433"}],"curies":[{"name":"wp","href":"https:\/\/api.w.org\/{rel}","templated":true}]}}