{"id":135435,"date":"2026-01-14T10:15:12","date_gmt":"2026-01-14T10:15:12","guid":{"rendered":"https:\/\/www.europesays.com\/se\/135435\/"},"modified":"2026-01-14T10:15:12","modified_gmt":"2026-01-14T10:15:12","slug":"schulman-och-fagerholm-i-kamp-om-romanpris-vasterbottens-kuriren","status":"publish","type":"post","link":"https:\/\/www.europesays.com\/se\/135435\/","title":{"rendered":"Schulman och Fagerholm i kamp om romanpris &#8211; V\u00e4sterbottens-Kuriren"},"content":{"rendered":"<ol>\n<li><a href=\"https:\/\/news.google.com\/rss\/articles\/CBMigwFBVV95cUxQaUZwTnZDaWs0dERsenhBaEg2UXp1eFNkbVAyckdMcHhiOG1VRkRZS3lQRGo1S013ZHFhSEdLN1NKSW1qd0VPNHRBU3JUdGxURDRUTWQ5cnhWWXA3VXd4Wi1PRnpFcFJmSWVYYTdoWkphTGVtcG5DeDBQV3ZMQWhKUHZmSQ?oc=5\" target=\"_blank\" rel=\"nofollow noopener\">Schulman och Fagerholm i kamp om romanpris<\/a>&nbsp;&nbsp;V\u00e4sterbottens-Kuriren<\/li>\n<li><a href=\"https:\/\/news.google.com\/rss\/articles\/CBMiekFVX3lxTE84SGlac1RLNTJNMk1LT2NGYVlYMmhCOFdUcW00emFBR0Z2c2hxeXZQSUZ3dTlrUTk2eFZZOEVnbEFyZDJVc0RQdFI2N3NkbFNlWFJGVF9WbzUwYzUxaHk3NWlxYnQtZHNFZmNNZVBLa1hRZmctZVdQcmt3?oc=5\" target=\"_blank\" rel=\"nofollow noopener\">Sk\u00e5despelaren Hans Wiktorsson d\u00f6d<\/a>&nbsp;&nbsp;Sveriges Radio<\/li>\n<li><a href=\"https:\/\/news.google.com\/rss\/articles\/CBMirAFBVV95cUxQam5TRUdrVGl1QldiaVJ6Qi1JYWdyZTVpakQ3bG5IeVlnQWYxM3hFX1Y5ZGFZS1YxY0JkYkFpUkNDQkliNEppb2hYcEVmVDNxM3lZX21OLTZXOWZMTXh2MUU0cDgwMnM0aFlXOFA0c3JGaTFVQVViZzdvYnJKdEdyWTBmZkJyQ1RxNXBLdGJsOGQ0S3hicVFLX2ZhRHhjd2RsVkFxdy05VWUyQUpj?oc=5\" target=\"_blank\" rel=\"nofollow noopener\">De \u00e4r nominerade till Sveriges Radios Romanpris 2026<\/a>&nbsp;&nbsp;Cision News<\/li>\n<li><a href=\"https:\/\/news.google.com\/rss\/articles\/CBMieEFVX3lxTFBjZWtCaVJlM3F6ZE1JWmt2WE95Q3R3M2pKQTBJejltTzJGNWNfQVVoOXloUjB5ZFdnWDFiTzd6VHRjTkpXdVlreGczYlg0UXg0ZEJXWm5HTGJSR0U0R2FkNV9nNExjZnpIMFRROVRDM0RnQUZXTVQ0Vw?oc=5\" target=\"_blank\" rel=\"nofollow noopener\">Monika Fagerholm kan f\u00e5 svenskt romanpris<\/a>&nbsp;&nbsp;Hufvudstadsbladet<\/li>\n<li><a href=\"https:\/\/news.google.com\/rss\/articles\/CBMimAFBVV95cUxNblNtRTBZc0gtTl94aElkTW85LTdQQWt6Q1VISDhmUW1jdmd0bVB3SVFNUEVralVaMnlhWVgzTjd6MzdydUJIZWR6VHhYTTFUamtsSGhUNWJTQVBTc2NCNWZLYnU4Q3EySnZydFN1WTE2U0FRbG4xS2JkTnhnNnVKZlNJMWFYMTZzUTg2aFBjQ2kzSUdBb3FaaA?oc=5\" target=\"_blank\" rel=\"nofollow noopener\">H\u00e4r \u00e4r de nominerade till Sveriges Radios Romanpris 2026<\/a>&nbsp;&nbsp;Sveriges Radio<\/li>\n<\/ol>\n","protected":false},"excerpt":{"rendered":"Schulman och Fagerholm i kamp om romanpris&nbsp;&nbsp;V\u00e4sterbottens-Kuriren Sk\u00e5despelaren Hans Wiktorsson d\u00f6d&nbsp;&nbsp;Sveriges Radio De \u00e4r nominerade till Sveriges Radios&hellip;\n","protected":false},"author":2,"featured_media":135436,"comment_status":"","ping_status":"","sticky":false,"template":"","format":"standard","meta":{"footnotes":""},"categories":[67],"tags":[104,34,31,33,32,30,105],"class_list":{"0":"post-135435","1":"post","2":"type-post","3":"status-publish","4":"format-standard","5":"has-post-thumbnail","7":"category-underhallning","8":"tag-entertainment","9":"tag-se","10":"tag-svenska","11":"tag-sverige","12":"tag-sweden","13":"tag-swedish","14":"tag-underhallning"},"share_on_mastodon":{"url":"https:\/\/pubeurope.com\/@se\/115892933276136748","error":""},"_links":{"self":[{"href":"https:\/\/www.europesays.com\/se\/wp-json\/wp\/v2\/posts\/135435","targetHints":{"allow":["GET"]}}],"collection":[{"href":"https:\/\/www.europesays.com\/se\/wp-json\/wp\/v2\/posts"}],"about":[{"href":"https:\/\/www.europesays.com\/se\/wp-json\/wp\/v2\/types\/post"}],"author":[{"embeddable":true,"href":"https:\/\/www.europesays.com\/se\/wp-json\/wp\/v2\/users\/2"}],"replies":[{"embeddable":true,"href":"https:\/\/www.europesays.com\/se\/wp-json\/wp\/v2\/comments?post=135435"}],"version-history":[{"count":0,"href":"https:\/\/www.europesays.com\/se\/wp-json\/wp\/v2\/posts\/135435\/revisions"}],"wp:featuredmedia":[{"embeddable":true,"href":"https:\/\/www.europesays.com\/se\/wp-json\/wp\/v2\/media\/135436"}],"wp:attachment":[{"href":"https:\/\/www.europesays.com\/se\/wp-json\/wp\/v2\/media?parent=135435"}],"wp:term":[{"taxonomy":"category","embeddable":true,"href":"https:\/\/www.europesays.com\/se\/wp-json\/wp\/v2\/categories?post=135435"},{"taxonomy":"post_tag","embeddable":true,"href":"https:\/\/www.europesays.com\/se\/wp-json\/wp\/v2\/tags?post=135435"}],"curies":[{"name":"wp","href":"https:\/\/api.w.org\/{rel}","templated":true}]}}