{"id":135439,"date":"2026-01-14T10:18:23","date_gmt":"2026-01-14T10:18:23","guid":{"rendered":"https:\/\/www.europesays.com\/se\/135439\/"},"modified":"2026-01-14T10:18:23","modified_gmt":"2026-01-14T10:18:23","slug":"trumps-krig-mot-venezuela-bryter-mot-amerikanska-och-innernationella-lagar-enligt-experter","status":"publish","type":"post","link":"https:\/\/www.europesays.com\/se\/135439\/","title":{"rendered":"Trumps krig mot Venezuela bryter mot amerikanska och innernationella lagar enligt experter"},"content":{"rendered":"<p>Strax efter ny\u00e5r <a href=\"https:\/\/www.bbc.com\/news\/articles\/czdq1ple2l4o\" target=\"_blank\" rel=\"noopener noreferrer nofollow\">meddelade<\/a> milit\u00e4rledningen US Southern Command, som t\u00e4cker in Karibien f\u00f6r USA:s r\u00e4kning, att ytterligare tv\u00e5 misst\u00e4nkta narkotikab\u00e5tar attackerats. Tre personer d\u00f6dades.<\/p>\n<p>I minst tre m\u00e5nader har amerikansk milit\u00e4r attackerat \u00f6ver 30 misst\u00e4nkta knarksmugglande sm\u00e5b\u00e5tar i Karibien och runt Venezuela, med s\u00e5vitt k\u00e4nt \u00f6ver hundra d\u00f6dsoffer till f\u00f6ljd.<\/p>\n","protected":false},"excerpt":{"rendered":"Strax efter ny\u00e5r meddelade milit\u00e4rledningen US Southern Command, som t\u00e4cker in Karibien f\u00f6r USA:s r\u00e4kning, att ytterligare tv\u00e5&hellip;\n","protected":false},"author":2,"featured_media":135440,"comment_status":"","ping_status":"","sticky":false,"template":"","format":"standard","meta":{"footnotes":""},"categories":[14],"tags":[22,23,26,27,17,21,24,25,28,29,15,16,18,34,31,33,32,30,19,20,51,52,53,54],"class_list":{"0":"post-135439","1":"post","2":"type-post","3":"status-publish","4":"format-standard","5":"has-post-thumbnail","7":"category-varlden","8":"tag-breaking-news","9":"tag-breakingnews","10":"tag-featured-news","11":"tag-featurednews","12":"tag-headlines","13":"tag-huvudnyheter","14":"tag-latest-news","15":"tag-latestnews","16":"tag-main-news","17":"tag-mainnews","18":"tag-news","19":"tag-nyheter","20":"tag-rubriker","21":"tag-se","22":"tag-svenska","23":"tag-sverige","24":"tag-sweden","25":"tag-swedish","26":"tag-top-stories","27":"tag-topstories","28":"tag-varlden","29":"tag-world","30":"tag-world-news","31":"tag-worldnews"},"share_on_mastodon":{"url":"https:\/\/pubeurope.com\/@se\/115892945106528266","error":""},"_links":{"self":[{"href":"https:\/\/www.europesays.com\/se\/wp-json\/wp\/v2\/posts\/135439","targetHints":{"allow":["GET"]}}],"collection":[{"href":"https:\/\/www.europesays.com\/se\/wp-json\/wp\/v2\/posts"}],"about":[{"href":"https:\/\/www.europesays.com\/se\/wp-json\/wp\/v2\/types\/post"}],"author":[{"embeddable":true,"href":"https:\/\/www.europesays.com\/se\/wp-json\/wp\/v2\/users\/2"}],"replies":[{"embeddable":true,"href":"https:\/\/www.europesays.com\/se\/wp-json\/wp\/v2\/comments?post=135439"}],"version-history":[{"count":0,"href":"https:\/\/www.europesays.com\/se\/wp-json\/wp\/v2\/posts\/135439\/revisions"}],"wp:featuredmedia":[{"embeddable":true,"href":"https:\/\/www.europesays.com\/se\/wp-json\/wp\/v2\/media\/135440"}],"wp:attachment":[{"href":"https:\/\/www.europesays.com\/se\/wp-json\/wp\/v2\/media?parent=135439"}],"wp:term":[{"taxonomy":"category","embeddable":true,"href":"https:\/\/www.europesays.com\/se\/wp-json\/wp\/v2\/categories?post=135439"},{"taxonomy":"post_tag","embeddable":true,"href":"https:\/\/www.europesays.com\/se\/wp-json\/wp\/v2\/tags?post=135439"}],"curies":[{"name":"wp","href":"https:\/\/api.w.org\/{rel}","templated":true}]}}