{"id":135441,"date":"2026-01-14T10:19:07","date_gmt":"2026-01-14T10:19:07","guid":{"rendered":"https:\/\/www.europesays.com\/se\/135441\/"},"modified":"2026-01-14T10:19:07","modified_gmt":"2026-01-14T10:19:07","slug":"installt-valsamverkan-varmland-lansstyrelsen-varmland","status":"publish","type":"post","link":"https:\/\/www.europesays.com\/se\/135441\/","title":{"rendered":"INST\u00c4LLT: Valsamverkan V\u00e4rmland | L\u00e4nsstyrelsen V\u00e4rmland"},"content":{"rendered":"<p class=\"normal\">Valarbetet st\u00e5r inf\u00f6r nya f\u00f6ruts\u00e4ttningar. Ett f\u00f6r\u00e4ndrat omv\u00e4rldsl\u00e4ge, \u00f6kad digitalisering och v\u00e4xande s\u00e4kerhetsutmaningar st\u00e4ller h\u00f6gre krav p\u00e5 b\u00e5de teknik, organisation och kommunikation. Samtidigt beh\u00f6ver vi v\u00e4rna f\u00f6rtroende f\u00f6r valprocessen \u2013 grunden f\u00f6r v\u00e5r demokrati.<\/p>\n<p class=\"normal\">Kommunerna besitter stor kunskap, och L\u00e4nsstyrelsen vill bidra till att den tas till vara, utvecklas och sprids. Det h\u00e4r \u00e4r ett viktigt tillf\u00e4lle att samla nyckelpersoner och f\u00f6rbereda er organisation inf\u00f6r valet 2026 genom st\u00e4rkta relationer och n\u00e4tverkande s\u00e5v\u00e4l kommuner emellan som mellan kommuner och L\u00e4nsstyrelsen. Tr\u00e4ffen \u00e4r t\u00e4nkt att bli starten p\u00e5 ett l\u00e5ngsiktigt samarbete d\u00e4r erfarenheter delas och kontakter byggs. Tillsammans l\u00e4gger vi grunden f\u00f6r snabbare sam-ordning, b\u00e4ttre st\u00f6d och ett mer robust valgenomf\u00f6rande i hela l\u00e4net.<\/p>\n<p>Inf\u00f6r samverkansdagen vill L\u00e4nsstyrelsen g\u00e4rna att ni funderar \u00f6ver f\u00f6ljande fr\u00e5gor:<\/p>\n<ol class=\" env-text-list normal\">\n<li>Hur kan vi tillsammans st\u00e4rka s\u00e4kerheten och robustheten i valarbetet i en tid av nya risker och \u00f6kad komplexitet?<\/li>\n<li>Hur fungerar samverkan och kommunikationen mellan er kommun och L\u00e4nsstyrelsen idag, och hur kan den utvecklas ytterligare inf\u00f6r valet 2026?<\/li>\n<li>Vad beh\u00f6vs f\u00f6r att skapa snabbare samordning och b\u00e4ttre st\u00f6d mellan kommunerna n\u00e4r n\u00e5got ov\u00e4ntat intr\u00e4ffar?<\/li>\n<li>Hur kan vi tillsammans bidra till trygghet, tillit och ett h\u00f6gt f\u00f6rtroende f\u00f6r valprocessen, b\u00e5de f\u00f6r medarbetare och v\u00e4ljare?<\/li>\n<\/ol>\n<p class=\"normal\">Ta g\u00e4rna med era egna tankar, erfarenheter och exempel fr\u00e5n ert arbete. De kommer att vara v\u00e4rdefulla i diskussionerna under dagen.<\/p>\n<p>M\u00e5lgrupp<\/p>\n<p class=\"normal\">L\u00e4nsstyrelsen rekommenderar att varje kommun deltar med tv\u00e5 till tre personer, g\u00e4rna valsamordnare och representanter fr\u00e5n valn\u00e4mnd, kommunikation och personal med valrelaterade uppgifter. Observera att antalet deltagare \u00e4r begr\u00e4nsat.<\/p>\n<p>Kostinformation<\/p>\n<p class=\"normal\">Under dagen bjuds det p\u00e5 fika, i samband med anm\u00e4lan ombeds ni d\u00e4rf\u00f6r att ange eventuella matallergier eller andra kostpreferenser.<\/p>\n<p class=\"normal\">V\u00e4lkomna!<\/p>\n<p class=\"normal\">\u00a0<\/p>\n","protected":false},"excerpt":{"rendered":"Valarbetet st\u00e5r inf\u00f6r nya f\u00f6ruts\u00e4ttningar. Ett f\u00f6r\u00e4ndrat omv\u00e4rldsl\u00e4ge, \u00f6kad digitalisering och v\u00e4xande s\u00e4kerhetsutmaningar st\u00e4ller h\u00f6gre krav p\u00e5 b\u00e5de&hellip;\n","protected":false},"author":2,"featured_media":135442,"comment_status":"","ping_status":"","sticky":false,"template":"","format":"standard","meta":{"footnotes":""},"categories":[12],"tags":[22,23,26,27,17,21,24,25,28,29,15,16,18,34,31,33,32,30,19,20],"class_list":{"0":"post-135441","1":"post","2":"type-post","3":"status-publish","4":"format-standard","5":"has-post-thumbnail","7":"category-sverige","8":"tag-breaking-news","9":"tag-breakingnews","10":"tag-featured-news","11":"tag-featurednews","12":"tag-headlines","13":"tag-huvudnyheter","14":"tag-latest-news","15":"tag-latestnews","16":"tag-main-news","17":"tag-mainnews","18":"tag-news","19":"tag-nyheter","20":"tag-rubriker","21":"tag-se","22":"tag-svenska","23":"tag-sverige","24":"tag-sweden","25":"tag-swedish","26":"tag-top-stories","27":"tag-topstories"},"share_on_mastodon":{"url":"https:\/\/pubeurope.com\/@se\/115892949130614564","error":""},"_links":{"self":[{"href":"https:\/\/www.europesays.com\/se\/wp-json\/wp\/v2\/posts\/135441","targetHints":{"allow":["GET"]}}],"collection":[{"href":"https:\/\/www.europesays.com\/se\/wp-json\/wp\/v2\/posts"}],"about":[{"href":"https:\/\/www.europesays.com\/se\/wp-json\/wp\/v2\/types\/post"}],"author":[{"embeddable":true,"href":"https:\/\/www.europesays.com\/se\/wp-json\/wp\/v2\/users\/2"}],"replies":[{"embeddable":true,"href":"https:\/\/www.europesays.com\/se\/wp-json\/wp\/v2\/comments?post=135441"}],"version-history":[{"count":0,"href":"https:\/\/www.europesays.com\/se\/wp-json\/wp\/v2\/posts\/135441\/revisions"}],"wp:featuredmedia":[{"embeddable":true,"href":"https:\/\/www.europesays.com\/se\/wp-json\/wp\/v2\/media\/135442"}],"wp:attachment":[{"href":"https:\/\/www.europesays.com\/se\/wp-json\/wp\/v2\/media?parent=135441"}],"wp:term":[{"taxonomy":"category","embeddable":true,"href":"https:\/\/www.europesays.com\/se\/wp-json\/wp\/v2\/categories?post=135441"},{"taxonomy":"post_tag","embeddable":true,"href":"https:\/\/www.europesays.com\/se\/wp-json\/wp\/v2\/tags?post=135441"}],"curies":[{"name":"wp","href":"https:\/\/api.w.org\/{rel}","templated":true}]}}