{"id":135443,"date":"2026-01-14T10:20:07","date_gmt":"2026-01-14T10:20:07","guid":{"rendered":"https:\/\/www.europesays.com\/se\/135443\/"},"modified":"2026-01-14T10:20:07","modified_gmt":"2026-01-14T10:20:07","slug":"betyg-och-digitalisering-skolan-driver-ohalsa","status":"publish","type":"post","link":"https:\/\/www.europesays.com\/se\/135443\/","title":{"rendered":"Betyg och digitalisering: \u201dSkolan driver oh\u00e4lsa\u201d"},"content":{"rendered":"<p>                                    <img decoding=\"async\" src=\"https:\/\/www.europesays.com\/se\/wp-content\/uploads\/2026\/01\/elsa-zetterberg-debatt-psykisk.jpg\" alt=\"En genrebild av en pojke som sitter ensam i ett klassrum med huvudet i handen och ett portr\u00e4tt av Elsa Zetterberg\" loading=\"lazy\"\/><\/p>\n<p>                                    Foto: AdobeStock\/Privat<\/p>\n<p class=\"article-headerImageDescription\">Skolan ska motverka psykisk oh\u00e4lsa \u2013\u00a0men bidrar i st\u00e4llet, skriver Elsa Zetterberg.\n<\/p>\n<p class=\"article-preamble\">\n                        Debatt<br \/>\n                        I de nya l\u00e4roplanerna som tr\u00e4der i kraft 2028 ing\u00e5r psykisk h\u00e4lsa i bland annat biologi och idrott.<br \/>Samtidigt fattar politiker och huvudm\u00e4n beslut som bidrar till just den oh\u00e4lsa man vill motverka. Det skriver Elsa Zetterberg.\n                    <\/p>\n<p>Detta \u00e4r en kommenterande text. Det \u00e4r skribenten som st\u00e5r f\u00f6r \u00e5sikterna som f\u00f6rs fram.<\/p>\n<p>Svensk skola befinner sig i en paradox.\u00a0Psykisk h\u00e4lsa p\u00e5 schemat har l\u00e4nge varit ett omdiskuterat \u00e4mne\u00a0och i de nya l\u00e4roplanerna, som tr\u00e4der i kraft i samband med den tio\u00e5riga grundskolan 2028, ska elever undervisas om psykisk h\u00e4lsa inom bland annat biologi samt idrott och h\u00e4lsa.\u00a0<\/p>\n<p>Detta kommer som ett svar p\u00e5 den \u00f6kande psykiska oh\u00e4lsan bland barn och unga. Samtidigt fattas regelbundet beslut p\u00e5 politiker, skol- och huvudmannaniv\u00e5 som i praktiken bidrar till just den oh\u00e4lsa man s\u00e4ger sig vilja motverka.\u00a0<\/p>\n<p>\u201dUppkoppling norm i skolan\u201d<\/p>\n<p>Digitaliseringen \u00e4r ett tydligt exempel. I dag tilldelas elever egna datorer eller surfplattor, ibland redan i f\u00f6rsta klass. Samtidigt visar forskning att \u00f6kad sk\u00e4rmtid kan p\u00e5verka koncentration, s\u00f6mn och psykiskt v\u00e4lm\u00e5ende negativt.<\/p>\n<p>Trots detta har st\u00e4ndig uppkoppling blivit norm i skolan. L\u00e4xor, prov, kommunikation och bed\u00f6mning sker via sk\u00e4rmen som dessutom fungerar som en direkt ing\u00e5ng till sociala medier, spel och ett o\u00e4ndligt scrollande.<\/p>\n<p>Elever f\u00f6rv\u00e4ntas multitaska mellan olika sidor p\u00e5 sk\u00e4rmen och sortera bland alla notiser om uppgifter, inl\u00e4mningar och bl\u00e4ddra i digitala l\u00e4romedel. Samtidigt f\u00f6rv\u00e4ntas de h\u00e5lla sig borta fr\u00e5n lockelsen att g\u00f6ra annat p\u00e5 datorn.<\/p>\n<p>Spel laddas ner p\u00e5 datorerna och det \u00e4r inte ovanligt att elever f\u00e5r f\u00f6r lite s\u00f6mn eftersom de sitter uppe sent och spelar p\u00e5 sina skoldatorer. Det \u00e4r sv\u00e5rt att f\u00f6rena undervisning om \u00e5terh\u00e4mtning, balans och stresshantering med en skolorganisation som s\u00e5 okritiskt delar ut datorer och g\u00f6r dem oumb\u00e4rliga i elevernas vardag.\u00a0<\/p>\n<p>Paradoxen blir \u00e4n tydligare i relation till\u00a0marknadsskolan och\u00a0betygssystemet.<\/p>\n<p>\u201dKraven \u00f6kar\u201d<\/p>\n<p>L\u00e4rare st\u00e5r under stark press att h\u00f6ja meritv\u00e4rden och f\u00f6rb\u00e4ttra skolors resultat i statistik och rankingar. Denna press sipprar oundvikligen ned till eleverna.<\/p>\n<p>Kraven \u00f6kar, tempot skruvas upp och prestation\u00a0blir\u00a0viktigare \u00e4n l\u00e4rande. Redan i tidig \u00e5lder l\u00e4r sig elever att deras v\u00e4rde m\u00e4ts i resultat snarare \u00e4n i utveckling.\u00a0<\/p>\n<p>T\u00e4nk att g\u00e5 till en skola som hela tiden kr\u00e4ver att man presterar b\u00e4ttre.\u00a0T\u00e4nk att f\u00e5 komma hem med sina betyg, k\u00e4nna stolthet\u00a0samtidigt\u00a0som\u00a0politiker, skolchefer och skolledning\u00a0sitter\u00a0och suckar missn\u00f6jt \u00f6ver resultaten.\u00a0I ett s\u00e5dant klimat framst\u00e5r undervisningen om psykisk h\u00e4lsa n\u00e4rmast som ironisk.\u00a0\u00a0<\/p>\n<blockquote cite=\"\">\n<p>Ett system som producerar oh\u00e4lsa<\/p>\n<\/blockquote>\n<p>S\u00e5 l\u00e4nge skolans grundl\u00e4ggande strukturer pr\u00e4glas av st\u00e4ndig prestationslogik, digital \u00f6verstimulans och betygsjakt\u00a0\u00e4r politikernas \u201dhandlingskraftiga\u201d beslut om undervisning\u00a0i psykisk h\u00e4lsa\u00a0en l\u00e5tsasinsats\u00a0\u2013 ett rent sk\u00e5despel.\u00a0Ett system som producerar oh\u00e4lsa kan inte samtidigt f\u00f6rv\u00e4ntas f\u00f6rebygga den.\u00a0<\/p>\n<p><strong>Elsa Zetterberg, l\u00e4rare i spanska och svenska som andraspr\u00e5k, Borl\u00e4nge<\/strong><\/p>\n<p>        Vill du skriva en debattartikel p\u00e5 Vi L\u00e4rare?<\/p>\n<p><strong>G\u00f6r s\u00e5 h\u00e4r:<\/strong><\/p>\n<ol>\n<li>Skriv max 3 000 tecken, underteckna med namn, titel och g\u00e4rna bostadsort.<\/li>\n<li>Skicka helst texten som en Word-fil, och bifoga g\u00e4rna ett h\u00f6guppl\u00f6st portr\u00e4ttfoto i f\u00e4rg (oftast duger en selfie tagen i bra ljus).<\/li>\n<li>Mejla texten till adressen nedan och skriv \u00e4ven ditt mobilnummer i mejlet ifall vi beh\u00f6ver diskutera texten.<\/li>\n<\/ol>\n<p><strong>Mejla till oss p\u00e5:<\/strong> <a href=\"https:\/\/www.vilarare.se\/nyheter\/vi-larare-debatt\/skolan-driver-pa-psykisk-ohalsa\/mailto:debatt@vilarare.se\" rel=\"nofollow noopener\" target=\"_blank\">debatt@vilarare.se<\/a><\/p>\n<p><strong>L\u00c4S \u00c4VEN:<\/strong><\/p>\n<p><a title=\"Skolfr\u00e5nvaro: \u201dBarn blir brickor i ett maktspel\u201d\" href=\"https:\/\/www.vilarare.se\/nyheter\/vi-larare-debatt\/skolfranvaro-barn-blir-brickor-i-ett-maktspel\/\" rel=\"nofollow noopener\" target=\"_blank\">Skolfr\u00e5nvaro: \u201dBarn blir brickor i ett maktspel\u201d<\/a><\/p>\n<p><a title=\"\u201dPsykisk h\u00e4lsa p\u00e5 schemat \u2013 vad ska bort i st\u00e4llet?\u201d\" href=\"https:\/\/www.vilarare.se\/nyheter\/vi-larare-debatt\/psykisk-halsa-pa-schemat--vad-ska-bort-i-stallet\/\" rel=\"nofollow noopener\" target=\"_blank\">\u201dPsykisk h\u00e4lsa p\u00e5 schemat \u2013 vad ska bort i st\u00e4llet?\u201d<\/a><\/p>\n<p><a title=\"\u201dOroande trenden: Symbolpolitik f\u00f6r skolan\u201d\" href=\"https:\/\/www.vilarare.se\/nyheter\/vi-larare-debatt\/oroande-trenden-symbolpolitik-for-skolan\/\" rel=\"nofollow noopener\" target=\"_blank\">\u201dOroande trenden: Symbolpolitik f\u00f6r skolan\u201d<\/a><\/p>\n<p><a title=\"\u201dInsatsstyrka\u201d ska minska v\u00e5ld bland yngre elever\" href=\"https:\/\/www.vilarare.se\/nyheter\/hot-och-vald\/insatsstyrka-med-larare-ska-minska-vald-bland-yngre-elever\/\" rel=\"nofollow noopener\" target=\"_blank\">\u201dInsatsstyrka\u201d ska minska v\u00e5ld bland yngre elever<\/a><\/p>\n","protected":false},"excerpt":{"rendered":"Foto: AdobeStock\/Privat Skolan ska motverka psykisk oh\u00e4lsa \u2013\u00a0men bidrar i st\u00e4llet, skriver Elsa Zetterberg. Debatt I de nya&hellip;\n","protected":false},"author":2,"featured_media":135444,"comment_status":"","ping_status":"","sticky":false,"template":"","format":"standard","meta":{"footnotes":""},"categories":[5],"tags":[22,23,26,27,17,21,24,25,28,29,15,16,18,34,31,33,32,30,19,20],"class_list":{"0":"post-135443","1":"post","2":"type-post","3":"status-publish","4":"format-standard","5":"has-post-thumbnail","7":"category-rubriker","8":"tag-breaking-news","9":"tag-breakingnews","10":"tag-featured-news","11":"tag-featurednews","12":"tag-headlines","13":"tag-huvudnyheter","14":"tag-latest-news","15":"tag-latestnews","16":"tag-main-news","17":"tag-mainnews","18":"tag-news","19":"tag-nyheter","20":"tag-rubriker","21":"tag-se","22":"tag-svenska","23":"tag-sverige","24":"tag-sweden","25":"tag-swedish","26":"tag-top-stories","27":"tag-topstories"},"share_on_mastodon":{"url":"https:\/\/pubeurope.com\/@se\/115892952962882639","error":""},"_links":{"self":[{"href":"https:\/\/www.europesays.com\/se\/wp-json\/wp\/v2\/posts\/135443","targetHints":{"allow":["GET"]}}],"collection":[{"href":"https:\/\/www.europesays.com\/se\/wp-json\/wp\/v2\/posts"}],"about":[{"href":"https:\/\/www.europesays.com\/se\/wp-json\/wp\/v2\/types\/post"}],"author":[{"embeddable":true,"href":"https:\/\/www.europesays.com\/se\/wp-json\/wp\/v2\/users\/2"}],"replies":[{"embeddable":true,"href":"https:\/\/www.europesays.com\/se\/wp-json\/wp\/v2\/comments?post=135443"}],"version-history":[{"count":0,"href":"https:\/\/www.europesays.com\/se\/wp-json\/wp\/v2\/posts\/135443\/revisions"}],"wp:featuredmedia":[{"embeddable":true,"href":"https:\/\/www.europesays.com\/se\/wp-json\/wp\/v2\/media\/135444"}],"wp:attachment":[{"href":"https:\/\/www.europesays.com\/se\/wp-json\/wp\/v2\/media?parent=135443"}],"wp:term":[{"taxonomy":"category","embeddable":true,"href":"https:\/\/www.europesays.com\/se\/wp-json\/wp\/v2\/categories?post=135443"},{"taxonomy":"post_tag","embeddable":true,"href":"https:\/\/www.europesays.com\/se\/wp-json\/wp\/v2\/tags?post=135443"}],"curies":[{"name":"wp","href":"https:\/\/api.w.org\/{rel}","templated":true}]}}