{"id":135453,"date":"2026-01-14T10:28:19","date_gmt":"2026-01-14T10:28:19","guid":{"rendered":"https:\/\/www.europesays.com\/se\/135453\/"},"modified":"2026-01-14T10:28:19","modified_gmt":"2026-01-14T10:28:19","slug":"14-januari-07-27-sammanfattning-natt-orebro-lan","status":"publish","type":"post","link":"https:\/\/www.europesays.com\/se\/135453\/","title":{"rendered":"14 januari 07.27, Sammanfattning natt, \u00d6rebro l\u00e4n"},"content":{"rendered":"<p><strong>Misshandel, \u00d6rebro kl. 23.08<\/strong><\/p>\n<p>En man i 30-\u00e5rs\u00e5ldern \u00e4r anh\u00e5llen av en \u00e5klagare efter att ha misshandlat en kvinna som han har en relation med. Brottet har skett i en bostad. Kvinnan, som \u00e4r i 25-\u00e5rs\u00e5ldern, var inte i behov av akutsjukv\u00e5rd.<\/p>\n<p><strong>Rattfylleri, Lindesberg kl. 00.58<\/strong><\/p>\n<p>En bilist, en man i 35-\u00e5rs\u00e5ldern, \u00e4r misst\u00e4nkt f\u00f6r att ha k\u00f6rt bil under p\u00e5verkan av narkotika efter att ha blivit stoppad av en patrull i Hagaberg.<\/p>\n<p>Ut\u00f6ver detta har vi bland annat kontrollerat fyra personer eller fordon, hanterat sex viltolyckor utan personskada och hanterat tre \u00e4renden g\u00e4llande psykisk oh\u00e4lsa.<\/p>\n<p>\u00a0<\/p>\n","protected":false},"excerpt":{"rendered":"Misshandel, \u00d6rebro kl. 23.08 En man i 30-\u00e5rs\u00e5ldern \u00e4r anh\u00e5llen av en \u00e5klagare efter att ha misshandlat en&hellip;\n","protected":false},"author":2,"featured_media":54,"comment_status":"","ping_status":"","sticky":false,"template":"","format":"standard","meta":{"footnotes":""},"categories":[5],"tags":[22,23,26,27,17,21,24,25,28,29,15,16,18,34,31,33,32,30,19,20],"class_list":{"0":"post-135453","1":"post","2":"type-post","3":"status-publish","4":"format-standard","5":"has-post-thumbnail","7":"category-rubriker","8":"tag-breaking-news","9":"tag-breakingnews","10":"tag-featured-news","11":"tag-featurednews","12":"tag-headlines","13":"tag-huvudnyheter","14":"tag-latest-news","15":"tag-latestnews","16":"tag-main-news","17":"tag-mainnews","18":"tag-news","19":"tag-nyheter","20":"tag-rubriker","21":"tag-se","22":"tag-svenska","23":"tag-sverige","24":"tag-sweden","25":"tag-swedish","26":"tag-top-stories","27":"tag-topstories"},"share_on_mastodon":{"url":"https:\/\/pubeurope.com\/@se\/115892984398909562","error":""},"_links":{"self":[{"href":"https:\/\/www.europesays.com\/se\/wp-json\/wp\/v2\/posts\/135453","targetHints":{"allow":["GET"]}}],"collection":[{"href":"https:\/\/www.europesays.com\/se\/wp-json\/wp\/v2\/posts"}],"about":[{"href":"https:\/\/www.europesays.com\/se\/wp-json\/wp\/v2\/types\/post"}],"author":[{"embeddable":true,"href":"https:\/\/www.europesays.com\/se\/wp-json\/wp\/v2\/users\/2"}],"replies":[{"embeddable":true,"href":"https:\/\/www.europesays.com\/se\/wp-json\/wp\/v2\/comments?post=135453"}],"version-history":[{"count":0,"href":"https:\/\/www.europesays.com\/se\/wp-json\/wp\/v2\/posts\/135453\/revisions"}],"wp:featuredmedia":[{"embeddable":true,"href":"https:\/\/www.europesays.com\/se\/wp-json\/wp\/v2\/media\/54"}],"wp:attachment":[{"href":"https:\/\/www.europesays.com\/se\/wp-json\/wp\/v2\/media?parent=135453"}],"wp:term":[{"taxonomy":"category","embeddable":true,"href":"https:\/\/www.europesays.com\/se\/wp-json\/wp\/v2\/categories?post=135453"},{"taxonomy":"post_tag","embeddable":true,"href":"https:\/\/www.europesays.com\/se\/wp-json\/wp\/v2\/tags?post=135453"}],"curies":[{"name":"wp","href":"https:\/\/api.w.org\/{rel}","templated":true}]}}