{"id":135460,"date":"2026-01-14T10:35:09","date_gmt":"2026-01-14T10:35:09","guid":{"rendered":"https:\/\/www.europesays.com\/se\/135460\/"},"modified":"2026-01-14T10:35:09","modified_gmt":"2026-01-14T10:35:09","slug":"katja-nyberg-har-begart-offentlig-forsvarare","status":"publish","type":"post","link":"https:\/\/www.europesays.com\/se\/135460\/","title":{"rendered":"Katja Nyberg har beg\u00e4rt offentlig f\u00f6rsvarare"},"content":{"rendered":"<p><a data-test-tag=\"internal-link\" href=\"https:\/\/www.aftonbladet.se\/av\/victor-stenquist\" class=\"hyperion-css-13ns1rr\" rel=\"nofollow noopener\" target=\"\" aria-label=\"Se alla artiklar av Victor Stenquist\"><img decoding=\"async\" class=\"image-asset hyperion-css-n6kkq1\" data-test-tag=\"image-asset\" src=\"https:\/\/www.europesays.com\/se\/wp-content\/uploads\/2026\/01\/d1112d47-d051-4d80-94bb-b8d7dbeb8f19.png\"  alt=\"\"  loading=\"lazy\" fetchpriority=\"auto\" style=\"aspect-ratio:1900 \/ 1900\"\/><\/a><\/p>\n<p class=\"boxtextgrotesk-root_baa6 hyperion-css-7pajle\">Uppdaterad 11.23 | Publicerad 11.15<\/p>\n<p>share-arrowDela<\/p>\n<p>unsaveSpara<\/p>\n<p>expand-left<\/p>\n<p>helsk\u00e4rm<img decoding=\"async\" class=\"image-asset hyperion-css-u06ts1\" data-test-tag=\"image-asset\" src=\"https:\/\/www.europesays.com\/se\/wp-content\/uploads\/2026\/01\/1768386909_716_265c2148-4af1-43c5-baf3-bb3b3c1d1376.jpeg\"  alt=\"Katja Nyberg (SD) tidigare i \u00e5r.\"  loading=\"eager\" fetchpriority=\"high\" style=\"aspect-ratio:1900 \/ 1267\"\/>Katja Nyberg (SD) tidigare i \u00e5r. Foto: Henrik Montgomery\/TT<\/p>\n<p class=\"hyperion-css-1shl3oz\" data-test-tag=\"lead-text\">Riksdagsledamoten Katja Nyberg har beg\u00e4rt att f\u00e5 en offentlig f\u00f6rsvarare. <\/p>\n<p class=\"hyperion-css-1shl3oz\" data-test-tag=\"lead-text\">Framst\u00e4llan l\u00e4mnades in till tingsr\u00e4tten i m\u00e5ndags \u2013\u00a0och i\u00a0g\u00e5r uts\u00e5gs advokat Martin Orler. <\/p>\n<p class=\"hyperion-css-1shl3oz\" data-test-tag=\"lead-text\">\u2013\u00a0Det var efter \u00f6nskem\u00e5l fr\u00e5n henne, s\u00e4ger \u00f6ver\u00e5klagare Anders Jakobsson. <\/p>\n<ul class=\"hyperion-css-e9gx76\" data-test-tag=\"list\">\n<li class=\"hyperion-css-1d843yr\">Katja Nyberg, riksdagsledamot f\u00f6r Sverigedemokraterna, har beg\u00e4rt och f\u00e5tt en offentlig f\u00f6rsvarare utsedd av tingsr\u00e4tten i samband med utredningar om rattfylleri och narkotikabrott. <\/li>\n<li class=\"hyperion-css-1d843yr\">Utredningen involverar en bilolycka och fynd av misst\u00e4nkt narkotika samt blod- och urinprov, varp\u00e5 \u00c5klagarmyndigheten v\u00e4ntar p\u00e5 provsvar f\u00f6r att avg\u00f6ra n\u00e4sta steg.<\/li>\n<li class=\"hyperion-css-1d843yr\">\u00d6ver\u00e5klagare Anders Jakobsson har meddelat att ingen brottslig niv\u00e5 av alkohol hittats, men att initiala tester visat positivt f\u00f6r narkotika.<\/li>\n<\/ul>\n<p>L\u00e4s mer<\/p>\n<p class=\"hyperion-css-1v9qo5x\">Riksdagsledamoten och ledamoten i justitieutskottet Katja Nyberg (SD) \u00e4r fortsatt under utredning f\u00f6r rattfylleri och narkotikabrott.<\/p>\n<p class=\"hyperion-css-1v9qo5x\">Nu har hon \u00f6nskat att f\u00e5 en offentlig f\u00f6rsvarare, kan Aftonbladet avsl\u00f6ja. <\/p>\n<p class=\"hyperion-css-1v9qo5x\">Ans\u00f6kan l\u00e4mnades in till <a data-test-tag=\"internal-link\" href=\"https:\/\/www.aftonbladet.se\/tagg\/nacka\" class=\"hyperion-css-15jkft9\" rel=\"nofollow noopener\" target=\"\" aria-label=\"Nacka\">Nacka<\/a> tingsr\u00e4tt i m\u00e5ndags. Ett beslut fattades under tisdagen, d\u00e5 tingsr\u00e4tten uts\u00e5g advokat Martin Orler till Nybergs offentliga f\u00f6rsvarare. <\/p>\n<p class=\"hyperion-css-1v9qo5x\">\u2013\u00a0Utifr\u00e5n alla skriverier som har varit s\u00e5 kan jag f\u00f6rst\u00e5 att domstolen tycker att hon \u00e4r i behov av en offentlig f\u00f6rsvarare, s\u00e4ger \u00f6ver\u00e5klagare Anders Jakobsson. <\/p>\n<p>L\u00e4mnade in f\u00f6rordnande<\/p>\n<p class=\"hyperion-css-1v9qo5x\">Sedan tidigare har Martin Orler uttalat sig \u00e5 Katja Nybergs v\u00e4gnar, men har inte varit en officiell part i m\u00e5let \u2013\u00a0f\u00f6rr\u00e4n nu. <\/p>\n<p class=\"hyperion-css-1v9qo5x\">Enligt \u00e5klagaren var det efter samtal med Katja Nyberg som han l\u00e4mnade in ett f\u00f6rordnande till tingsr\u00e4tten. <\/p>\n<p class=\"hyperion-css-1v9qo5x\">\u2013\u00a0Annars beh\u00f6ver man en fullmakt f\u00f6r att f\u00e5 insyn i ett \u00e4rende, men efter att ha pratat med henne och f\u00e5tt \u00f6nskem\u00e5l s\u00e5 \u00e4r nu en offentlig f\u00f6rsvarare f\u00f6rordnad, s\u00e4ger Anders Jakobsson. <\/p>\n<p>expand-left<\/p>\n<p>helsk\u00e4rm<img decoding=\"async\" class=\"image-asset hyperion-css-u06ts1\" data-test-tag=\"image-asset\" src=\"https:\/\/www.europesays.com\/se\/wp-content\/uploads\/2026\/01\/4bb09ee1-9086-420e-b13f-1144bbdd3ab5.jpeg\"  alt=\"SD-ledamoten Katja Nyberg.\"  loading=\"eager\" fetchpriority=\"high\" style=\"aspect-ratio:1900 \/ 1268\"\/>SD-ledamoten Katja Nyberg. Foto: Lars Schr\u00f6der\/TT<\/p>\n<p class=\"hyperion-css-1v9qo5x\">I \u00f6vrigt har det inte skett n\u00e5gra nya utvecklingar i fallet, d\u00e4r \u00e5klagaren fortfarande v\u00e4ntar p\u00e5 provsvar p\u00e5 det man skickat in p\u00e5 analys. <\/p>\n<p class=\"hyperion-css-1v9qo5x\">Det r\u00f6r sig om den p\u00e5se med misst\u00e4nkt narkotika polisen hittade i en handv\u00e4ska under en kroppsvisitation av Katja Nyberg, och de blod- och urinprov hon l\u00e4mnade i samband med olyckan 28 december. <\/p>\n<p class=\"hyperion-css-1v9qo5x\">Aftonbladet har tidigare kunnat rapportera att Nyberg k\u00f6rt av v\u00e4gen 28 december, vilken hon enligt \u00e5klagaren ska ha beskrivit ha skett i samband med att hon v\u00e4jt f\u00f6r ett djur. <\/p>\n<p class=\"hyperion-css-1v9qo5x\">Hon ska d\u00e5 ha k\u00f6rt in i en stolpe, och poliser som kom till platsen ska ha misst\u00e4nkt att hon varit rattfull, d\u00e5 de uppfattat att hon varit alkoholp\u00e5verkad. <\/p>\n<p>Tv\u00e5 alternativ<\/p>\n<p class=\"hyperion-css-1v9qo5x\">Men enligt \u00e5klagaren finns det inget som tyder p\u00e5 att riksdagsledamoten haft alkohol i blodet p\u00e5 en brottslig niv\u00e5 i samband med att hon k\u00f6rt av v\u00e4gen. <\/p>\n<p>FAKTAKatja Nybergs kommentar<\/p>\n<p class=\"hyperion-css-jonaf8\">\u201dUnder mellandagarna r\u00e5kade jag ut f\u00f6r en viltolycka med bilen. I samband med detta fick jag \u00e5ka ner till polisstationen och bl\u00e5sa f\u00f6r alkohol som d\u00e5 inte visade n\u00e5got utslag. Det \u00e4r d\u00e4rf\u00f6r med stor f\u00f6rv\u00e5ning som jag tar del av det som nu skrivs om mig och den h\u00e4r h\u00e4ndelsen. Enheten f\u00f6r s\u00e4rskilda utredningar tittar nu p\u00e5 det h\u00e4r, vilket jag v\u00e4lkomnar eftersom jag inte k\u00e4nner igen mig i detta\u201d.<\/p>\n<p>L\u00e4s mer<\/p>\n<p class=\"hyperion-css-1v9qo5x\">I st\u00e4llet ska ett snabbtest p\u00e5 polisstationen ha gett utslag p\u00e5 narkotika, som Aftonbladet avsl\u00f6jade f\u00f6rra veckan, varf\u00f6r man tog blod- och urinprov som skickats p\u00e5 analys. <\/p>\n<p class=\"hyperion-css-1v9qo5x\">\u2013\u00a0Jag hade hoppats att provsvaren skulle komma i slutet p\u00e5 den h\u00e4r veckan, men det \u00e4r ingen som sitter frihetsber\u00f6vad, och ur det perspektivet s\u00e5 finns det ingen anledning att prioritera analysmaterialet, s\u00e4ger Anders Jakobsson. <\/p>\n<p class=\"hyperion-css-1v9qo5x\">F\u00f6rst efter det kommer \u00f6ver\u00e5klagaren att fatta beslut i vad som sker fram\u00e5t i f\u00f6runders\u00f6kningen. <\/p>\n<p class=\"hyperion-css-1v9qo5x\">\u2013\u00a0Beroende p\u00e5 resultaten s\u00e5 finns tv\u00e5 alternativ, att l\u00e4gga ner f\u00f6runders\u00f6kningen eller ocks\u00e5 att ta st\u00e4llning till att n\u00e5gon ska h\u00f6ras och g\u00e5 vidare med andra utrednings\u00e5tg\u00e4rder, s\u00e4ger Jakobsson.<\/p>\n<p class=\"hyperion-css-1v9qo5x\">Katja Nyberg, som \u00e4r tj\u00e4nstledig polis, nekar sj\u00e4lv till brott. <\/p>\n<p class=\"hyperion-css-1v9qo5x\">Aftonbladet har varit i kontakt med Martin Orler, som bekr\u00e4ftar att han utsetts till offentlig f\u00f6rsvarare i \u00e4rendet, men i \u00f6vrigt inte vill kommentera utredningen. <\/p>\n<p class=\"hyperion-css-1v9qo5x\">\u2013 Det r\u00e5der f\u00f6runders\u00f6kningssekretess, som b\u00e5de jag och \u00e5klagaren ska f\u00f6lja. Jag tycker det \u00e4r mycket olyckligt och h\u00f6gst ol\u00e4mpligt att \u00e5klagaren \u00e4nd\u00e5 l\u00e4mnat uppgifter som typiskt sett \u00e4r hemliga och till f\u00f6r att skydda utredningen som s\u00e5dan, men \u00e4ven individen som misst\u00e4nks, s\u00e4ger Martin Orler. <\/p>\n","protected":false},"excerpt":{"rendered":"Uppdaterad 11.23 | Publicerad 11.15 share-arrowDela unsaveSpara expand-left helsk\u00e4rmKatja Nyberg (SD) tidigare i \u00e5r. Foto: Henrik Montgomery\/TT Riksdagsledamoten&hellip;\n","protected":false},"author":2,"featured_media":135461,"comment_status":"","ping_status":"","sticky":false,"template":"","format":"standard","meta":{"footnotes":""},"categories":[12],"tags":[22,23,26,27,17,21,24,25,28,29,15,16,18,34,31,33,32,30,19,20],"class_list":{"0":"post-135460","1":"post","2":"type-post","3":"status-publish","4":"format-standard","5":"has-post-thumbnail","7":"category-sverige","8":"tag-breaking-news","9":"tag-breakingnews","10":"tag-featured-news","11":"tag-featurednews","12":"tag-headlines","13":"tag-huvudnyheter","14":"tag-latest-news","15":"tag-latestnews","16":"tag-main-news","17":"tag-mainnews","18":"tag-news","19":"tag-nyheter","20":"tag-rubriker","21":"tag-se","22":"tag-svenska","23":"tag-sverige","24":"tag-sweden","25":"tag-swedish","26":"tag-top-stories","27":"tag-topstories"},"share_on_mastodon":{"url":"https:\/\/pubeurope.com\/@se\/115893012004337337","error":""},"_links":{"self":[{"href":"https:\/\/www.europesays.com\/se\/wp-json\/wp\/v2\/posts\/135460","targetHints":{"allow":["GET"]}}],"collection":[{"href":"https:\/\/www.europesays.com\/se\/wp-json\/wp\/v2\/posts"}],"about":[{"href":"https:\/\/www.europesays.com\/se\/wp-json\/wp\/v2\/types\/post"}],"author":[{"embeddable":true,"href":"https:\/\/www.europesays.com\/se\/wp-json\/wp\/v2\/users\/2"}],"replies":[{"embeddable":true,"href":"https:\/\/www.europesays.com\/se\/wp-json\/wp\/v2\/comments?post=135460"}],"version-history":[{"count":0,"href":"https:\/\/www.europesays.com\/se\/wp-json\/wp\/v2\/posts\/135460\/revisions"}],"wp:featuredmedia":[{"embeddable":true,"href":"https:\/\/www.europesays.com\/se\/wp-json\/wp\/v2\/media\/135461"}],"wp:attachment":[{"href":"https:\/\/www.europesays.com\/se\/wp-json\/wp\/v2\/media?parent=135460"}],"wp:term":[{"taxonomy":"category","embeddable":true,"href":"https:\/\/www.europesays.com\/se\/wp-json\/wp\/v2\/categories?post=135460"},{"taxonomy":"post_tag","embeddable":true,"href":"https:\/\/www.europesays.com\/se\/wp-json\/wp\/v2\/tags?post=135460"}],"curies":[{"name":"wp","href":"https:\/\/api.w.org\/{rel}","templated":true}]}}