{"id":135462,"date":"2026-01-14T10:36:15","date_gmt":"2026-01-14T10:36:15","guid":{"rendered":"https:\/\/www.europesays.com\/se\/135462\/"},"modified":"2026-01-14T10:36:15","modified_gmt":"2026-01-14T10:36:15","slug":"nya-data-visar-att-2025-var-det-tredje-varmaste-aret-som-hittills-registrerats-smhi","status":"publish","type":"post","link":"https:\/\/www.europesays.com\/se\/135462\/","title":{"rendered":"Nya data visar att 2025 var det tredje varmaste \u00e5ret som hittills registrerats \u2014 SMHI"},"content":{"rendered":"<p>P\u00e5verkan p\u00e5 m\u00e4nniskors liv och h\u00e4lsa<\/p>\n<p class=\"normal\">\u00c5r 2025 hade h\u00e4lften av den globala landarealen fler dagar \u00e4n genomsnittet med stark v\u00e4rmestress, vilket \u00e4r definierat som en upplevd temperatur p\u00e5 32 grader eller h\u00f6gre. V\u00e4rmestress erk\u00e4nns av V\u00e4rldsh\u00e4lsoorganisationen (WHO) som den fr\u00e4msta orsaken till globala v\u00e4derrelaterade d\u00f6dsfall. I omr\u00e5den med torra och ofta bl\u00e5siga f\u00f6rh\u00e5llanden bidrog h\u00f6ga temperaturer ocks\u00e5 till spridningen och intensifieringen av exceptionella skogsbr\u00e4nder, som producerar koldioxid, giftiga luftf\u00f6roreningar som partiklar och ozon, vilket p\u00e5verkar m\u00e4nniskors h\u00e4lsa. Detta var fallet i delar av Europa, som upplevde sina h\u00f6gsta \u00e5rliga totala utsl\u00e4pp fr\u00e5n skogsbr\u00e4nder, och Nordamerika, enligt data fr\u00e5n CAMS. Dessa utsl\u00e4pp f\u00f6rs\u00e4mrade luftkvaliteten avsev\u00e4rt och hade potentiellt skadliga effekter p\u00e5 m\u00e4nniskors h\u00e4lsa b\u00e5de lokalt och i st\u00f6rre skala.<\/p>\n<p>Extremv\u00e4der \u00f6kar klimatrisker<\/p>\n<p class=\"normal\">2025 pr\u00e4glades av en rad noterbara extrema h\u00e4ndelser kopplade till klimat och v\u00e4der i m\u00e5nga regioner, bland annat rekordvarma v\u00e4rmeb\u00f6ljor, sv\u00e5ra stormar i Europa, Asien och Nordamerika samt omfattande skogsbr\u00e4nder i Spanien, Kanada och s\u00f6dra Kalifornien. \u00c4ven om dessa enskilda h\u00e4ndelser inte analyseras eller tillskrivs i den h\u00e4r rapporten, har m\u00e5nga av dem analyserats p\u00e5 annat h\u00e5ll.<\/p>\n<p class=\"normal\">\u2013 F\u00f6r flera av de h\u00e4r h\u00e4ndelserna har det gjorts s\u00e5 kallade attributionsstudier som visat att m\u00e4nniskans klimatp\u00e5verkan under 2025 bidrog till s\u00e5v\u00e4l intensivare och l\u00e4ngre v\u00e4rmeb\u00f6ljor, mer utpr\u00e4glad torka och gynnsamt v\u00e4der f\u00f6r skogsbr\u00e4nder samt extrem nederb\u00f6rd och h\u00f6ga vindhastigheter i samband med intensiva stormar, s\u00e4ger Erik Kjellstr\u00f6m, professor i klimatologi vid SMHI.<\/p>\n<p>Behov av minskade utsl\u00e4pp<\/p>\n<p class=\"normal\">Copernicus uppf\u00f6ljning och information om f\u00f6r\u00e4ndringen i v\u00e4xthusgaser och i klimatet utg\u00f6r ett viktigt underlag i klimatarbetet, och som st\u00f6d f\u00f6r genomf\u00f6randet av klimatpolitiska \u00e5tg\u00e4rder.<\/p>\n<p class=\"normal\">\u2013 Det st\u00e5r klart att det kr\u00e4vs mycket kraftfulla utsl\u00e4ppsminskningar f\u00f6r att bromsa den globala uppv\u00e4rmningen, s\u00e4ger Erik Kjellstr\u00f6m, professor i klimatologi vid SMHI.<\/p>\n","protected":false},"excerpt":{"rendered":"P\u00e5verkan p\u00e5 m\u00e4nniskors liv och h\u00e4lsa \u00c5r 2025 hade h\u00e4lften av den globala landarealen fler dagar \u00e4n genomsnittet&hellip;\n","protected":false},"author":2,"featured_media":135463,"comment_status":"","ping_status":"","sticky":false,"template":"","format":"standard","meta":{"footnotes":""},"categories":[5],"tags":[22,23,26,27,17,21,24,25,28,29,15,16,18,34,31,33,32,30,19,20],"class_list":{"0":"post-135462","1":"post","2":"type-post","3":"status-publish","4":"format-standard","5":"has-post-thumbnail","7":"category-rubriker","8":"tag-breaking-news","9":"tag-breakingnews","10":"tag-featured-news","11":"tag-featurednews","12":"tag-headlines","13":"tag-huvudnyheter","14":"tag-latest-news","15":"tag-latestnews","16":"tag-main-news","17":"tag-mainnews","18":"tag-news","19":"tag-nyheter","20":"tag-rubriker","21":"tag-se","22":"tag-svenska","23":"tag-sverige","24":"tag-sweden","25":"tag-swedish","26":"tag-top-stories","27":"tag-topstories"},"share_on_mastodon":{"url":"https:\/\/pubeurope.com\/@se\/115893015835213192","error":""},"_links":{"self":[{"href":"https:\/\/www.europesays.com\/se\/wp-json\/wp\/v2\/posts\/135462","targetHints":{"allow":["GET"]}}],"collection":[{"href":"https:\/\/www.europesays.com\/se\/wp-json\/wp\/v2\/posts"}],"about":[{"href":"https:\/\/www.europesays.com\/se\/wp-json\/wp\/v2\/types\/post"}],"author":[{"embeddable":true,"href":"https:\/\/www.europesays.com\/se\/wp-json\/wp\/v2\/users\/2"}],"replies":[{"embeddable":true,"href":"https:\/\/www.europesays.com\/se\/wp-json\/wp\/v2\/comments?post=135462"}],"version-history":[{"count":0,"href":"https:\/\/www.europesays.com\/se\/wp-json\/wp\/v2\/posts\/135462\/revisions"}],"wp:featuredmedia":[{"embeddable":true,"href":"https:\/\/www.europesays.com\/se\/wp-json\/wp\/v2\/media\/135463"}],"wp:attachment":[{"href":"https:\/\/www.europesays.com\/se\/wp-json\/wp\/v2\/media?parent=135462"}],"wp:term":[{"taxonomy":"category","embeddable":true,"href":"https:\/\/www.europesays.com\/se\/wp-json\/wp\/v2\/categories?post=135462"},{"taxonomy":"post_tag","embeddable":true,"href":"https:\/\/www.europesays.com\/se\/wp-json\/wp\/v2\/tags?post=135462"}],"curies":[{"name":"wp","href":"https:\/\/api.w.org\/{rel}","templated":true}]}}