{"id":135483,"date":"2026-01-14T10:52:11","date_gmt":"2026-01-14T10:52:11","guid":{"rendered":"https:\/\/www.europesays.com\/se\/135483\/"},"modified":"2026-01-14T10:52:11","modified_gmt":"2026-01-14T10:52:11","slug":"2025-tredje-varmaste-aret-varlden-rusar-mot-klimatgrans","status":"publish","type":"post","link":"https:\/\/www.europesays.com\/se\/135483\/","title":{"rendered":"2025 tredje varmaste \u00e5ret \u2013 v\u00e4rlden rusar mot klimatgr\u00e4ns"},"content":{"rendered":"<p>F\u00f6r f\u00f6rsta g\u00e5ngen sedan m\u00e4tningarna b\u00f6rjade har en tre\u00e5rsperiod \u00f6verskridit den kritiska 1,5-gradersgr\u00e4nsen. \u00c5ren 2023 till 2025 l\u00e5g i genomsnitt 1,52 grader \u00f6ver f\u00f6rindustriell niv\u00e5, enligt EU:s klimatf\u00f6r\u00e4ndringstj\u00e4nst <a href=\"https:\/\/climate.copernicus.eu\/global-climate-highlights-2025\" rel=\"nofollow noopener\" target=\"_blank\">Copernicus senaste \u00e5rsrapport <\/a>som publicerades p\u00e5 onsdagen.<\/p>\n<p>2025 blev det tredje varmaste \u00e5ret som n\u00e5gonsin uppm\u00e4tts, med en global medeltemperatur p\u00e5 14,97 grader Celsius. Det var 1,47 grader \u00f6ver den f\u00f6rindustriella niv\u00e5n fr\u00e5n perioden 1850 till 1900. Varmast hittills var 2024.<\/p>\n<p><strong>Kritisk milstolpe passerad<\/strong><br \/>Genomsnittet f\u00f6r en tre\u00e5rsperiod har nu \u00f6verskridit 1,5-gradersgr\u00e4nsen. Parisavtalet fr\u00e5n 2015 syftade till att begr\u00e4nsa den globala uppv\u00e4rmningen till v\u00e4l under tv\u00e5 grader, och helst till 1,5 grader, \u00f6ver f\u00f6rindustriell niv\u00e5.<\/p>\n<p>\u2013 Vi kommer oundvikligen att \u00f6verskrida den. Det val vi nu st\u00e5r inf\u00f6r \u00e4r hur vi b\u00e4st hanterar den oundvikliga \u00f6verskridningen och dess konsekvenser f\u00f6r samh\u00e4llen och naturliga system, sade Carlo Buontempo, chef f\u00f6r Copernicus klimat\u00f6vervakningstj\u00e4nst, i ett uttalande.<\/p>\n<p>Parisavtalets temperaturgr\u00e4ns refererar till genomsnittliga temperaturavvikelser under flera \u00e5rtionden. Den l\u00e5ngsiktiga globala uppv\u00e4rmningen uppskattas f\u00f6r n\u00e4rvarande till cirka 1,4 grader \u00f6ver f\u00f6rindustriell niv\u00e5, ber\u00e4knat med flera olika metoder.<\/p>\n<p><strong>Gr\u00e4nsen kan n\u00e5s innan 2030<\/strong><br \/>Om uppv\u00e4rmningen forts\u00e4tter i samma takt som under de senaste 30 \u00e5ren kan v\u00e4rlden n\u00e5 1,5-gradersgr\u00e4nsen redan i slutet av detta decennium, enligt Copernicus ber\u00e4kningar. Det skulle inneb\u00e4ra att m\u00e5let n\u00e5s mer \u00e4n ett \u00e5rtionde tidigare \u00e4n vad som f\u00f6ruts\u00e5gs n\u00e4r Parisavtalet undertecknades.<\/p>\n<p>Alla de senaste elva \u00e5ren, fr\u00e5n 2015 till 2025, rankas bland de elva varmaste som n\u00e5gonsin registrerats.<\/p>\n<p>\u2013 Det faktum att de senaste elva \u00e5ren var de varmaste som n\u00e5gonsin uppm\u00e4tts \u00e4r ytterligare ett bevis p\u00e5 den otvetydiga trenden mot ett varmare klimat, sade Carlo Buontempo.<\/p>\n<p><strong>Tv\u00e5 huvudorsaker bakom extremv\u00e4rmen<\/strong><br \/>Copernicus pekar p\u00e5 tv\u00e5 huvudsakliga orsaker till de exceptionellt h\u00f6ga temperaturerna under de senaste tre \u00e5ren. Den f\u00f6rsta \u00e4r den accelererande uppbyggnaden av v\u00e4xthusgaser i atmosf\u00e4ren, till f\u00f6ljd av fortsatta utsl\u00e4pp och minskad upptag av koldioxid av naturliga s\u00e4nkor p\u00e5 land och i haven.<\/p>\n<p>Den andra faktorn \u00e4r att havsytans temperaturer n\u00e5tt exceptionellt h\u00f6ga niv\u00e5er \u00f6ver stora delar av v\u00e4rldshaven. Detta sammanh\u00e4nger delvis med El Ni\u00f1o-fenomenet som p\u00e5verkade 2023 och 2024, men ocks\u00e5 med andra typer av naturlig f\u00f6r\u00e4ndring i haven som f\u00f6rst\u00e4rkts av klimatf\u00f6r\u00e4ndringarna.<\/p>\n<p>Ytterligare faktorer som kan ha bidragit inkluderar minskade utsl\u00e4pp av svaveldioxid fr\u00e5n sj\u00f6farten, vilket lett till en minskning av aerosoler som annars reflekterar solljus tillbaka ut i rymden. \u00c4ven f\u00f6r\u00e4ndringar i m\u00e4ngden l\u00e5ga moln och variationer i atmosf\u00e4rens cirkulation kan ha spelat roll.<\/p>\n<p><strong>Tropikerna svalare, polaromr\u00e5dena varmare<\/strong><br \/>Temperaturm\u00f6nstret under 2025 skilde sig fr\u00e5n de tv\u00e5 f\u00f6reg\u00e5ende \u00e5ren. I tropikerna var temperaturen l\u00e4gre \u00e4n 2023 och 2024, till stor del p\u00e5 grund av att f\u00f6rh\u00e5llandena i Stilla havet var n\u00e4ra normala eller pr\u00e4glades av svaga La Ni\u00f1a-f\u00f6rh\u00e5llanden under st\u00f6rre delen av \u00e5ret. El Ni\u00f1o, som bidrog till extremv\u00e4rmen 2023 och 2024, tenderar att h\u00f6ja den globala temperaturen, medan La Ni\u00f1a har motsatt effekt.<\/p>\n<p>Samtidigt kompenserades de l\u00e4gre tropiska temperaturerna delvis av rekordh\u00f6ga eller n\u00e4ra rekordh\u00f6ga temperaturer i andra regioner. Antarktis upplevde sin varmaste \u00e5rstemperatur n\u00e5gonsin, medan Arktis hade sin n\u00e4st varmaste. Temperaturen i Antarktis l\u00e5g 1,06 grader \u00f6ver genomsnittet f\u00f6r 1991 till 2020, och i Arktis 1,37 grader \u00f6ver genomsnittet.<\/p>\n<p>\u00d6ver 91 procent av jordens yta uppvisade temperaturer \u00f6ver genomsnittet under 2025, samma andel som 2024. N\u00e4ra h\u00e4lften av jordklotet upplevde mycket varmare klimat \u00e4n normalt.<\/p>\n<p><strong>Europa tredje varmaste \u00e5ret<\/strong><br \/>F\u00f6r Europa blev 2025 det tredje varmaste \u00e5ret som uppm\u00e4tts, med en medeltemperatur p\u00e5 10,41 grader Celsius.<\/p>\n<p>Temperaturer \u00f6ver genomsnittet observerades \u00f6ver hela Europa, med mycket h\u00f6ga temperaturer i de flesta regioner utom de centrala delarna av kontinenten. Rekordh\u00f6ga \u00e5rstemperaturer uppm\u00e4ttes i \u00f6stra Nordatlanten, Nordsj\u00f6regionen inklusive norra Storbritannien och delar av Skandinavien, sydv\u00e4stra Medelhavsomr\u00e5det och v\u00e4stligaste Ryssland.<\/p>\n<p>Vintern 2024\/2025 i Europa var den delat n\u00e4st varmaste f\u00f6r \u00e5rstiden.<\/p>\n<p><strong>Extremv\u00e4der som f\u00f6ljd<\/strong><br \/>De h\u00f6ga temperaturerna under 2025 bidrog till en rad extrema v\u00e4derh\u00e4ndelser v\u00e4rlden \u00f6ver. H\u00e4lften av jordens landomr\u00e5den upplevde fler dagar \u00e4n normalt med minst stark v\u00e4rmestress, definierat som en upplevd temperatur p\u00e5 32 grader eller h\u00f6gre.<\/p>\n<p>Europa drabbades av flera v\u00e4rmeb\u00f6ljor fr\u00e5n april till september, s\u00e4rskilt i Italien, Spanien, Tyskland, Frankrike och Storbritannien. \u00c4ven Skandinavien och Finland upplevde ih\u00e5llande temperaturer \u00f6ver normalt i juli. M\u00e5nads- och sommarrekord slogs p\u00e5 lokal och nationell niv\u00e5 i flera l\u00e4nder, bland annat Storbritannien, Irland, Spanien, Portugal och Turkiet.<\/p>\n<p>Kombinationen av h\u00f6ga temperaturer, torka och stark vind bidrog till spridningen av omfattande skogsbr\u00e4nder. Enligt Copernicus atmosf\u00e4r\u00f6vervakningstj\u00e4nst upplevde Europa sina h\u00f6gsta \u00e5rliga totala utsl\u00e4pp fr\u00e5n skogsbr\u00e4nder under de senaste tv\u00e5 decennierna. Iberiska halv\u00f6n, Skottland, \u00f6stra Medelhavsomr\u00e5det och Balkanregionen drabbades s\u00e4rskilt h\u00e5rt under sommaren.<\/p>\n<p><strong>Havsisen krymper<\/strong><br \/>I februari 2025 sj\u00f6nk den sammanlagda havsisutbredningen fr\u00e5n b\u00e5da polerna till sin l\u00e4gsta niv\u00e5 sedan satellitobservationerna b\u00f6rjade i slutet av 1970-talet. I Arktis var den m\u00e5natliga havsisutbredningen den l\u00e4gsta som n\u00e5gonsin uppm\u00e4tts f\u00f6r januari, februari, mars och december.<\/p>\n<p>\u00c4ven Antarktis l\u00e5g l\u00e5ngt under genomsnittet, med bland de l\u00e4gsta niv\u00e5erna i m\u00e4tningarna.<\/p>\n<p><strong>M\u00e4nsklig aktivitet ligger bakom<\/strong><br \/>Prelimin\u00e4ra satellitdata fr\u00e5n Copernicus atmosf\u00e4r\u00f6vervakningstj\u00e4nst visar att koncentrationerna av koldioxid och metan, som n\u00e5dde rekordniv\u00e5er 2024, fortsatte att \u00f6ka under 2025. De stigande koncentrationerna av v\u00e4xthusgaser \u00e4r den fr\u00e4msta orsaken till den observerade l\u00e5ngsiktiga \u00f6kningen av den globala medeltemperaturen.<\/p>\n<p>\u2013 Atmosf\u00e4riska data fr\u00e5n 2025 ger en tydlig bild: m\u00e4nsklig aktivitet \u00e4r fortfarande den dominerande drivkraften bakom de exceptionella temperaturer vi observerar, sade Laurence Rouil, chef f\u00f6r Copernicus atmosf\u00e4r\u00f6vervakningstj\u00e4nst.<\/p>\n","protected":false},"excerpt":{"rendered":"F\u00f6r f\u00f6rsta g\u00e5ngen sedan m\u00e4tningarna b\u00f6rjade har en tre\u00e5rsperiod \u00f6verskridit den kritiska 1,5-gradersgr\u00e4nsen. \u00c5ren 2023 till 2025 l\u00e5g&hellip;\n","protected":false},"author":2,"featured_media":135484,"comment_status":"","ping_status":"","sticky":false,"template":"","format":"standard","meta":{"footnotes":""},"categories":[5],"tags":[22,23,26,27,17,21,24,25,28,29,15,16,18,34,31,33,32,30,19,20],"class_list":{"0":"post-135483","1":"post","2":"type-post","3":"status-publish","4":"format-standard","5":"has-post-thumbnail","7":"category-rubriker","8":"tag-breaking-news","9":"tag-breakingnews","10":"tag-featured-news","11":"tag-featurednews","12":"tag-headlines","13":"tag-huvudnyheter","14":"tag-latest-news","15":"tag-latestnews","16":"tag-main-news","17":"tag-mainnews","18":"tag-news","19":"tag-nyheter","20":"tag-rubriker","21":"tag-se","22":"tag-svenska","23":"tag-sverige","24":"tag-sweden","25":"tag-swedish","26":"tag-top-stories","27":"tag-topstories"},"share_on_mastodon":{"url":"https:\/\/pubeurope.com\/@se\/115893078909284912","error":""},"_links":{"self":[{"href":"https:\/\/www.europesays.com\/se\/wp-json\/wp\/v2\/posts\/135483","targetHints":{"allow":["GET"]}}],"collection":[{"href":"https:\/\/www.europesays.com\/se\/wp-json\/wp\/v2\/posts"}],"about":[{"href":"https:\/\/www.europesays.com\/se\/wp-json\/wp\/v2\/types\/post"}],"author":[{"embeddable":true,"href":"https:\/\/www.europesays.com\/se\/wp-json\/wp\/v2\/users\/2"}],"replies":[{"embeddable":true,"href":"https:\/\/www.europesays.com\/se\/wp-json\/wp\/v2\/comments?post=135483"}],"version-history":[{"count":0,"href":"https:\/\/www.europesays.com\/se\/wp-json\/wp\/v2\/posts\/135483\/revisions"}],"wp:featuredmedia":[{"embeddable":true,"href":"https:\/\/www.europesays.com\/se\/wp-json\/wp\/v2\/media\/135484"}],"wp:attachment":[{"href":"https:\/\/www.europesays.com\/se\/wp-json\/wp\/v2\/media?parent=135483"}],"wp:term":[{"taxonomy":"category","embeddable":true,"href":"https:\/\/www.europesays.com\/se\/wp-json\/wp\/v2\/categories?post=135483"},{"taxonomy":"post_tag","embeddable":true,"href":"https:\/\/www.europesays.com\/se\/wp-json\/wp\/v2\/tags?post=135483"}],"curies":[{"name":"wp","href":"https:\/\/api.w.org\/{rel}","templated":true}]}}