{"id":135493,"date":"2026-01-14T10:59:08","date_gmt":"2026-01-14T10:59:08","guid":{"rendered":"https:\/\/www.europesays.com\/se\/135493\/"},"modified":"2026-01-14T10:59:08","modified_gmt":"2026-01-14T10:59:08","slug":"arrangera-ert-seminarium-pa-energibranschens-arena-i-almedalen","status":"publish","type":"post","link":"https:\/\/www.europesays.com\/se\/135493\/","title":{"rendered":"Arrangera ert seminarium p\u00e5 energibranschens arena i Almedalen"},"content":{"rendered":"<p>Den 22\u201326 juni genomf\u00f6rs \u00e5rets Almedalsvecka. Vill ert f\u00f6retag eller organisation ta plats i energisamtalen i Almedalen? Som partner p\u00e5 Arena Energi f\u00e5r ni tillg\u00e5ng till en av Visbys mest attraktiva lokaler, precis intill Stora torget. H\u00e4r kan ni arrangera egna seminarier p\u00e5 v\u00e5ra tv\u00e5 scener, medverka i energidebatten Energispektrum, st\u00e4lla ut i monteryta i ruinen, arrangera mingel eller bjuda in till rundabordssamtal. Energif\u00f6retagens medlemsf\u00f6retag har 10 procent rabatt p\u00e5 alla aktiviteter.<\/p>\n<p>Vad \u00e4r Arena energi?<\/p>\n<p>Arena energi \u00e4r en av de fr\u00e4msta energiarenorna i Almedalen. Under 2025 samlade arenan 2600 bes\u00f6kare p\u00e5 plats och ytterligare 2300 deltagare digitalt. P\u00e5 v\u00e5ra scener m\u00f6ts f\u00f6retr\u00e4dare f\u00f6r politiska partier, regering, myndigheter, energif\u00f6retag, bransch- och intresseorganisationer samt forskare. F\u00f6rra \u00e5ret anordnades 37 seminarier p\u00e5 v\u00e5ra tv\u00e5 scener.<\/p>\n<p><img loading=\"lazy\" decoding=\"async\" src=\"https:\/\/www.europesays.com\/se\/wp-content\/uploads\/2026\/01\/ebba-busch-energispektrum-24-800x533.jpg\" width=\"800\" height=\"533\"\/><\/p>\n<p>Detta f\u00e5r ni hj\u00e4lp med p\u00e5 Arena Energi<\/p>\n<p>Vi ser till att:<\/p>\n<ol class=\"numberedlist\">\n<li>ert evenemang registreras i det officiella Almedalskalendariet,<\/li>\n<li>l\u00e4nkar skapas f\u00f6r webbs\u00e4ndning av seminarier och publiceras p\u00e5 Almedalens och Energif\u00f6retagens kanaler,<\/li>\n<li>material fr\u00e5n filmade seminarier finns tillg\u00e4ngligt i efterhand,<\/li>\n<li>m\u00f6jlighet till catering erbjuds och<\/li>\n<li>teknik och scen finns p\u00e5 plats.<\/li>\n<\/ol>\n<p>Vill du l\u00e4sa mer om aktiviteterna som ni kan arrangera p\u00e5 Arena Energi?<\/p>\n<p><a href=\"https:\/\/www.energiforetagen.se\/48e43c\/globalassets\/almedalen-2026\/inbjudan-prospekt-medverka-pa-arena-energi-260114.pdf\" rel=\"nofollow noopener\" target=\"_blank\">Ladda ner broschyren<\/a> eller l\u00e4s mer p\u00e5 <a href=\"https:\/\/www.energiforetagen.se\/fragor-vi-driver\/listsida\/energipolitik\/almedalen\/anordna-ert-seminarium-pa-arena-energi\/\" rel=\"nofollow noopener\" target=\"_blank\">arenaenergi.se<\/a>.<\/p>\n<p><img loading=\"lazy\" decoding=\"async\" src=\"https:\/\/www.europesays.com\/se\/wp-content\/uploads\/2026\/01\/arena-energi-entre-2024-800x533.jpg\" width=\"800\" height=\"533\"\/><\/p>\n","protected":false},"excerpt":{"rendered":"Den 22\u201326 juni genomf\u00f6rs \u00e5rets Almedalsvecka. Vill ert f\u00f6retag eller organisation ta plats i energisamtalen i Almedalen? Som&hellip;\n","protected":false},"author":2,"featured_media":135494,"comment_status":"","ping_status":"","sticky":false,"template":"","format":"standard","meta":{"footnotes":""},"categories":[12],"tags":[22,23,26,27,17,21,24,25,28,29,15,16,18,34,31,33,32,30,19,20],"class_list":{"0":"post-135493","1":"post","2":"type-post","3":"status-publish","4":"format-standard","5":"has-post-thumbnail","7":"category-sverige","8":"tag-breaking-news","9":"tag-breakingnews","10":"tag-featured-news","11":"tag-featurednews","12":"tag-headlines","13":"tag-huvudnyheter","14":"tag-latest-news","15":"tag-latestnews","16":"tag-main-news","17":"tag-mainnews","18":"tag-news","19":"tag-nyheter","20":"tag-rubriker","21":"tag-se","22":"tag-svenska","23":"tag-sverige","24":"tag-sweden","25":"tag-swedish","26":"tag-top-stories","27":"tag-topstories"},"share_on_mastodon":{"url":"https:\/\/pubeurope.com\/@se\/115893106726172407","error":""},"_links":{"self":[{"href":"https:\/\/www.europesays.com\/se\/wp-json\/wp\/v2\/posts\/135493","targetHints":{"allow":["GET"]}}],"collection":[{"href":"https:\/\/www.europesays.com\/se\/wp-json\/wp\/v2\/posts"}],"about":[{"href":"https:\/\/www.europesays.com\/se\/wp-json\/wp\/v2\/types\/post"}],"author":[{"embeddable":true,"href":"https:\/\/www.europesays.com\/se\/wp-json\/wp\/v2\/users\/2"}],"replies":[{"embeddable":true,"href":"https:\/\/www.europesays.com\/se\/wp-json\/wp\/v2\/comments?post=135493"}],"version-history":[{"count":0,"href":"https:\/\/www.europesays.com\/se\/wp-json\/wp\/v2\/posts\/135493\/revisions"}],"wp:featuredmedia":[{"embeddable":true,"href":"https:\/\/www.europesays.com\/se\/wp-json\/wp\/v2\/media\/135494"}],"wp:attachment":[{"href":"https:\/\/www.europesays.com\/se\/wp-json\/wp\/v2\/media?parent=135493"}],"wp:term":[{"taxonomy":"category","embeddable":true,"href":"https:\/\/www.europesays.com\/se\/wp-json\/wp\/v2\/categories?post=135493"},{"taxonomy":"post_tag","embeddable":true,"href":"https:\/\/www.europesays.com\/se\/wp-json\/wp\/v2\/tags?post=135493"}],"curies":[{"name":"wp","href":"https:\/\/api.w.org\/{rel}","templated":true}]}}