{"id":135497,"date":"2026-01-14T11:01:07","date_gmt":"2026-01-14T11:01:07","guid":{"rendered":"https:\/\/www.europesays.com\/se\/135497\/"},"modified":"2026-01-14T11:01:07","modified_gmt":"2026-01-14T11:01:07","slug":"folktandvarden-stockholm-da-ska-du-som-foralder-agera","status":"publish","type":"post","link":"https:\/\/www.europesays.com\/se\/135497\/","title":{"rendered":"Folktandv\u00e5rden Stockholm: D\u00e5 ska du som f\u00f6r\u00e4lder agera"},"content":{"rendered":"<p>&#13;<br \/>\n                        &#13;<br \/>\n&#13;<\/p>\n<p>                                    <img decoding=\"async\" src=\"https:\/\/www.europesays.com\/se\/wp-content\/uploads\/2026\/01\/850cad6b68416bba_800x800ar.jpg\"\/><br \/>\n                                &#13;<br \/>\n&#13;<\/p>\n<p>Folktandv\u00e5rden Stockholms \u00f6vertandl\u00e4kare Lars Fredriksson svarade p\u00e5 tittarnas fr\u00e5gor om bland annat napp, tumme, mj\u00f6lkt\u00e4nder och tandreglering, i TV4 Nyhetsmorgon.\u00a0<\/p>\n<p>&#13;<\/p>\n<p style=\"margin-top:12px;\">Barns munh\u00e4lsa v\u00e4cker ofta oro, s\u00e4rskilt n\u00e4r nya t\u00e4nder kommer fram eller n\u00e4r bettet ser annorlunda ut. Enligt Folktandv\u00e5rden Stockholm finns det flera vanliga situationer d\u00e4r det \u00e4r bra att som f\u00f6r\u00e4lder vara uppm\u00e4rksam, men ocks\u00e5 mycket som \u00e4r helt normalt.<\/p>\n<p>Napp och tumme kan p\u00e5verka bettet<\/p>\n<p>Anv\u00e4ndning av napp eller tumme under l\u00e4ngre tid kan p\u00e5verka hur barnets bett utvecklas. Risken \u00f6kar ju \u00e4ldre barnet blir.<\/p>\n<blockquote>\n<p>Det \u00e4r bra att f\u00f6rs\u00f6ka sluta s\u00e5 tidigt som m\u00f6jligt, men fr\u00e5n tre \u00e5rs \u00e5lder \u00e4r det extra viktigt. Om vanan bryts i tid kan bettet ofta r\u00e4tta till sig sj\u00e4lv, s\u00e4ger Lars Fredriksson, \u00f6vertandl\u00e4kare Folktandv\u00e5rden Stockholm.<\/p>\n<\/blockquote>\n<p>Ett s\u00e5 kallat \u00f6ppet bett inneb\u00e4r att framt\u00e4nderna inte m\u00f6ts n\u00e4r barnet biter ihop. Det kan g\u00f6ra det sv\u00e5rare att bita av mat och ibland \u00e4ven p\u00e5verka talet.<\/p>\n<p>Nya t\u00e4nder beh\u00f6ver extra koll<\/p>\n<p>Den vanligaste fr\u00e5gan fr\u00e5n f\u00f6r\u00e4ldrar handlar om karies, allts\u00e5 h\u00e5l i t\u00e4nderna. Nya t\u00e4nder \u00e4r extra k\u00e4nsliga och beh\u00f6ver b\u00e5de borstas noggrant och f\u00e5 vila mellan m\u00e5ltiderna.<\/p>\n<blockquote>\n<p>Det \u00e4r viktigt att hj\u00e4lpa barnet med tandborstningen och att undvika sm\u00e5\u00e4tande. Regelbundna rutiner g\u00f6r stor skillnad f\u00f6r att f\u00f6rebygga h\u00e5l i t\u00e4nderna, s\u00e4ger Lars Fredriksson.<\/p>\n<\/blockquote>\n<p>M\u00e5nga f\u00f6r\u00e4ldrar reagerar ocks\u00e5 p\u00e5 att nya permanenta t\u00e4nder kan ha oj\u00e4mna kanter. Det \u00e4r oftast helt normalt och j\u00e4mnas ut naturligt n\u00e4r t\u00e4nderna anv\u00e4nds.<\/p>\n<p>N\u00e4r mj\u00f6lkt\u00e4nder inte lossnar som v\u00e4ntat<\/p>\n<p>Mj\u00f6lkt\u00e4nder, ibland kallade barnt\u00e4nder, spelar en viktig roll f\u00f6r hur de permanenta t\u00e4nderna kommer fram. Om en mj\u00f6lktand lossnar p\u00e5 ena sidan men inte p\u00e5 den andra kan det vara klokt att ta kontakt med tandv\u00e5rden f\u00f6r r\u00e5dgivning.<\/p>\n<blockquote>\n<p>Vi hj\u00e4lper till att bed\u00f6ma om allt f\u00f6ljer sin naturliga utveckling eller om barnet beh\u00f6ver extra uppgf\u00f6ljning. Det \u00e4r d\u00e4rf\u00f6r de regelbundna unders\u00f6kningarna \u00e4r s\u00e5 viktiga att g\u00e5 p\u00e5 , s\u00e4ger Lars Fredriksson.<\/p>\n<\/blockquote>\n<p>Fr\u00e5gor om tandst\u00e4llning \u00e4r vanliga<\/p>\n<p>M\u00e5nga undrar ocks\u00e5 om tandst\u00e4llning \u00e4r gratis f\u00f6r barn. Barn och ungdomar kan f\u00e5 avgiftsfri tandreglering om de har en bettavvikelse som g\u00f6r det sv\u00e5rt att bita och tugga. Det \u00e4r dock inte alla bettfel som ger r\u00e4tt till kostnadsfri behandling.<\/p>\n<p>Folktandv\u00e5rden Stockholm betonar vikten av regelbundna bes\u00f6k f\u00f6r att tidigt kunna f\u00f6lja barnets tand- och bettutveckling och ge r\u00e4tt r\u00e5d i r\u00e4tt tid.<\/p>\n<p>Hela inslaget med Lars Fredriksson finns att se i TV4 Nyhetsmorgon.<\/p>\n<p>&#13;<br \/>\n&#13;<br \/>\n&#13;<\/p>\n<p><strong>Kajsa Nilsson<\/strong><br \/>Kommunikat\u00f6r<br \/>08-123 166 11<br \/>kajsa.a.nilsson@regionstockholm.se<\/p>\n<p>&#13;<\/p>\n<p>Folktandv\u00e5rden Stockholm v\u00e4lkomnar dig, ung eller gammal, var du \u00e4n bor eller kommer ifr\u00e5n. Vi erbjuder b\u00e5de allm\u00e4n- och specialisttandv\u00e5rd, forskar f\u00f6r framtiden och arbetar f\u00f6r ett h\u00e5llbart samh\u00e4lle med b\u00e4ttre folkh\u00e4lsa. Vi har totalt cirka 80 kliniker och cirka 2 000 medarbetare och tar \u00e5rligen emot cirka 1,4 miljoner patienter. Folktandv\u00e5rden \u00e4r en del av Region Stockholm.<\/p>\n<p><strong>Taggar:<\/strong><\/p>\n<p>&#13;<br \/>\n&#13;<br \/>\n&#13;<\/p>\n","protected":false},"excerpt":{"rendered":"&#13; &#13; &#13; &#13; &#13; Folktandv\u00e5rden Stockholms \u00f6vertandl\u00e4kare Lars Fredriksson svarade p\u00e5 tittarnas fr\u00e5gor om bland annat napp,&hellip;\n","protected":false},"author":2,"featured_media":135498,"comment_status":"","ping_status":"","sticky":false,"template":"","format":"standard","meta":{"footnotes":""},"categories":[69],"tags":[13699,12627,12630,113,112,34,31,33,32,30,12629,12628],"class_list":{"0":"post-135497","1":"post","2":"type-post","3":"status-publish","4":"format-standard","5":"has-post-thumbnail","7":"category-halsa","8":"tag-barntandvrd","9":"tag-folkhlsa","10":"tag-folktandvrden","11":"tag-halsa","12":"tag-health","13":"tag-se","14":"tag-svenska","15":"tag-sverige","16":"tag-sweden","17":"tag-swedish","18":"tag-tandhlsa","19":"tag-tandvrd"},"share_on_mastodon":{"url":"https:\/\/pubeurope.com\/@se\/115893114550780088","error":""},"_links":{"self":[{"href":"https:\/\/www.europesays.com\/se\/wp-json\/wp\/v2\/posts\/135497","targetHints":{"allow":["GET"]}}],"collection":[{"href":"https:\/\/www.europesays.com\/se\/wp-json\/wp\/v2\/posts"}],"about":[{"href":"https:\/\/www.europesays.com\/se\/wp-json\/wp\/v2\/types\/post"}],"author":[{"embeddable":true,"href":"https:\/\/www.europesays.com\/se\/wp-json\/wp\/v2\/users\/2"}],"replies":[{"embeddable":true,"href":"https:\/\/www.europesays.com\/se\/wp-json\/wp\/v2\/comments?post=135497"}],"version-history":[{"count":0,"href":"https:\/\/www.europesays.com\/se\/wp-json\/wp\/v2\/posts\/135497\/revisions"}],"wp:featuredmedia":[{"embeddable":true,"href":"https:\/\/www.europesays.com\/se\/wp-json\/wp\/v2\/media\/135498"}],"wp:attachment":[{"href":"https:\/\/www.europesays.com\/se\/wp-json\/wp\/v2\/media?parent=135497"}],"wp:term":[{"taxonomy":"category","embeddable":true,"href":"https:\/\/www.europesays.com\/se\/wp-json\/wp\/v2\/categories?post=135497"},{"taxonomy":"post_tag","embeddable":true,"href":"https:\/\/www.europesays.com\/se\/wp-json\/wp\/v2\/tags?post=135497"}],"curies":[{"name":"wp","href":"https:\/\/api.w.org\/{rel}","templated":true}]}}