{"id":135499,"date":"2026-01-14T11:02:09","date_gmt":"2026-01-14T11:02:09","guid":{"rendered":"https:\/\/www.europesays.com\/se\/135499\/"},"modified":"2026-01-14T11:02:09","modified_gmt":"2026-01-14T11:02:09","slug":"efter-jvm-guldet-lanas-ut-till-hockeyallsvenskan","status":"publish","type":"post","link":"https:\/\/www.europesays.com\/se\/135499\/","title":{"rendered":"Efter JVM-guldet &#8211; l\u00e5nas ut till Hockeyallsvenskan"},"content":{"rendered":"<p><strong><a href=\"https:\/\/hockeysverige.se\/spelare\/william-hakansson\/\" rel=\"nofollow noopener\" target=\"_blank\">William H\u00e5kansson<\/a> f\u00e5r chansen i <a href=\"https:\/\/hockeysverige.se\/klubb\/almtuna-is\/\" rel=\"nofollow noopener\" target=\"_blank\">Almtuna<\/a> och <a href=\"https:\/\/hockeysverige.se\/hockeyallsvenskan\/\" rel=\"nofollow noopener\" target=\"_blank\">Hockeyallsvenskan<\/a>. Backen, som vann JVM-guld med Sverige, l\u00e5nas ut av <a href=\"https:\/\/hockeysverige.se\/klubb\/lulea-hockey\/\" rel=\"nofollow noopener\" target=\"_blank\">Lule\u00e5<\/a>.<\/strong><\/p>\n<p><img loading=\"lazy\" decoding=\"async\" width=\"1024\" height=\"658\" src=\"https:\/\/www.europesays.com\/se\/wp-content\/uploads\/2026\/01\/William-Hakansson-1024x658.webp.webp\" alt=\"\" class=\"wp-image-345380\"  \/>Alfons Freij, Victor Johansson och William H\u00e5kansson firar efter guldet.<br \/>Foto: Joel Marklund \/ Bildbyr\u00e5n.<\/p>\n<p>Han \u00e4r en av guldhj\u00e4ltarna fr\u00e5n det svenska JVM-laget. Nu g\u00f6r William H\u00e5kansson tv\u00e5 av lagkamraterna d\u00e4rifr\u00e5n s\u00e4llskap i Almtuna. Uppsala-klubben har redan l\u00e5nat in <a href=\"https:\/\/hockeysverige.se\/spelare\/liam-danielsson\/\" rel=\"nofollow noopener\" target=\"_blank\">Liam Danielsson<\/a> och <a href=\"https:\/\/hockeysverige.se\/spelare\/herman-liv\/\" rel=\"nofollow noopener\" target=\"_blank\">Herman Liv<\/a> fr\u00e5n \u00d6rebro, och tar nu allts\u00e5 in en tredje pj\u00e4s fr\u00e5n gudllaget.<\/p>\n<p>Lule\u00e5backen har haft sv\u00e5rt att ta en plats hos norrbottninganra och innan junior-VM blev det mer spel i juniorlaget \u00e4n i SHL.<\/p>\n<p>Nu st\u00e5r det ocks\u00e5 klart att 18-\u00e5ringen l\u00e5nas ut. Ny klubbadress blir allts\u00e5 Almtuna, som ligger elva i tabellen. De m\u00f6ter i kv\u00e4ll Oskarshamn p\u00e5 hemmaplan, men l\u00e5nespelaren kommer inte att g\u00f6ra debut f\u00f6rr\u00e4n p\u00e5 fredag n\u00e4r det \u00e4r dags att m\u00f6ta Mora.<\/p>\n<p>\u2014 I William f\u00e5r vi in ytterligare en talangfull spelare med h\u00f6g potential som vi har f\u00f6rhoppningar kommer st\u00e4rka laget i b\u00e5de spelet med puck s\u00e5v\u00e4l som i det defensiva spelet, s\u00e4ger sportchef Nicklas Danielsson i ett <a href=\"https:\/\/www.almtuna.com\/article\/85xat8t-1bc61\/view\" rel=\"nofollow noopener\" target=\"_blank\">pressmeddelande<\/a>.<\/p>\n<p>I och med att William H\u00e5kansson \u00e4r junior kan han r\u00f6ra sig fritt mellan klubbarna under resten av s\u00e4songen. F\u00f6r Lule\u00e5 i SHL har det blivit 22 matcher och tv\u00e5 assist den h\u00e4r s\u00e4songen. Sedan de v\u00e4rvade tillbaka Oskari Laaksonen och fick tillbaka Otto Leskinen fr\u00e5n skada har det varit sv\u00e5rt f\u00f6r junioren att ta en plats i laget.<\/p>\n<p> Source: <a href=\"https:\/\/www.eliteprospects.com\/player\/689901\/william-hakansson\" target=\"_blank\" rel=\"noopener noreferrer nofollow\">William H\u00e5kansson<\/a> @ Elite Prospects<\/p>\n","protected":false},"excerpt":{"rendered":"William H\u00e5kansson f\u00e5r chansen i Almtuna och Hockeyallsvenskan. Backen, som vann JVM-guld med Sverige, l\u00e5nas ut av Lule\u00e5.&hellip;\n","protected":false},"author":2,"featured_media":135500,"comment_status":"","ping_status":"","sticky":false,"template":"","format":"standard","meta":{"footnotes":""},"categories":[68],"tags":[621,34,133,134,111,110,31,33,32,30],"class_list":{"0":"post-135499","1":"post","2":"type-post","3":"status-publish","4":"format-standard","5":"has-post-thumbnail","7":"category-sport","8":"tag-hockeyallsvenskan","9":"tag-se","10":"tag-second-news","11":"tag-shl","12":"tag-sport","13":"tag-sports","14":"tag-svenska","15":"tag-sverige","16":"tag-sweden","17":"tag-swedish"},"share_on_mastodon":{"url":"https:\/\/pubeurope.com\/@se\/115893118396342100","error":""},"_links":{"self":[{"href":"https:\/\/www.europesays.com\/se\/wp-json\/wp\/v2\/posts\/135499","targetHints":{"allow":["GET"]}}],"collection":[{"href":"https:\/\/www.europesays.com\/se\/wp-json\/wp\/v2\/posts"}],"about":[{"href":"https:\/\/www.europesays.com\/se\/wp-json\/wp\/v2\/types\/post"}],"author":[{"embeddable":true,"href":"https:\/\/www.europesays.com\/se\/wp-json\/wp\/v2\/users\/2"}],"replies":[{"embeddable":true,"href":"https:\/\/www.europesays.com\/se\/wp-json\/wp\/v2\/comments?post=135499"}],"version-history":[{"count":0,"href":"https:\/\/www.europesays.com\/se\/wp-json\/wp\/v2\/posts\/135499\/revisions"}],"wp:featuredmedia":[{"embeddable":true,"href":"https:\/\/www.europesays.com\/se\/wp-json\/wp\/v2\/media\/135500"}],"wp:attachment":[{"href":"https:\/\/www.europesays.com\/se\/wp-json\/wp\/v2\/media?parent=135499"}],"wp:term":[{"taxonomy":"category","embeddable":true,"href":"https:\/\/www.europesays.com\/se\/wp-json\/wp\/v2\/categories?post=135499"},{"taxonomy":"post_tag","embeddable":true,"href":"https:\/\/www.europesays.com\/se\/wp-json\/wp\/v2\/tags?post=135499"}],"curies":[{"name":"wp","href":"https:\/\/api.w.org\/{rel}","templated":true}]}}